{"id":3983,"date":"2016-07-28T05:53:15","date_gmt":"2016-07-28T05:53:15","guid":{"rendered":"http:\/\/centralmedia.rs\/?p=3983"},"modified":"2016-07-28T12:48:14","modified_gmt":"2016-07-28T12:48:14","slug":"crni-cetvrtak-u-pomoravlju-jedan-poginuli-dvadeset-povredenih","status":"publish","type":"post","link":"https:\/\/centralmedia.rs\/index.php\/2016\/07\/28\/crni-cetvrtak-u-pomoravlju-jedan-poginuli-dvadeset-povredenih\/","title":{"rendered":"CRNI \u010cETVRTAK U POMORAVLJU &#8211; JEDAN POGINULI I DVADESETORO POVRE\u0110ENIH"},"content":{"rendered":"<p>\u0106UPRIJA-Jedno lice je poginulo i vi\u0161e od 20 je te\u017ee i lak\u0161e povre\u0111eno sino\u0107 u dve saobra\u0107ajne nesre\u0107e na putevima \u0106uprija-Para\u0107in  i Svilajnac-Despotovac, potvr\u0111eno je iz zdravstvenih ustanova u tim gradovima.<br \/>\n\t-Jedno lice je preminulo na licu mesta od posledica udesa na regionalnom putu Svilajnac \u2013Despotovac, potvr\u0111eno je u svilajna\u010dkom Domu zdravlja. Svi povre\u0111eni sme\u0161teni su \u0107uprijsku Op\u0161tu bolnicu.<br \/>\n\t-Za sada su svi povre\u0111eni stabilno, imaju razli\u010dite povrede od posledica saobra\u0107ajne nesre\u0107e. Hospitalizovali smo pacijenete od dece starosti godinu i po do starih ljudi. Nekoliko dece je povre\u0111eno u udesima.Lica imaju prelome ekstremiteta, lomove noseva, potrese mozgova, ali nisu \u017eivotno ugro\u017eeni.Oni su zbrinuti na odeljenjima ortopedije, hirurgije, masksilofacijalnE hirigruije i neurohirugije. Od 22 sata imali smo veliki priliv pacijenata, prvo sa nesre\u0107e na putu \u0106uprija-Para\u0107in, a od 23.30 iz Svilajnca hitna pomo\u0107 dopremila je \u010detiri pacijenta, a jo\u0161 nekoliko je sa uputima pristiglo sopstevnim prevozom,  ka\u017ee direktor Op\u0161te bolnice u \u0106upriji dr Slobodan Gaji\u0107.<br \/>\n      Oko 21.05  kada je do\u0161lo do te\u0161ke saobra\u0107ajne nesre\u0107e u kojoj su u\u010destvovala dva putni\u010dka vozila, audi i BMW, i konjska zaprega sa dva konja, kao i autobus na lokalnoj liniji Para\u0107in-\u0106uprija-Jagodina. Jedno od vozila je u poku\u0161aju preticanja naletelo na zapre\u017eno vozilo u kome su bila i deca. Tu su se na\u0161la i druga vozila i autobus na lokaloj liniji. Jedanaestoro povre\u0111nih su preba\u010deni za \u0106upriju.Oba konja su uginula na licu mesta, jer je automobil udario direktno u njih. Saobra\u0107aj je bio u prekidu i preusmeravan na auto-put \u0106uprija-Para\u0107in. U drugoj saobra\u0107ajnoj nesre\u0107i u Svilajncu oko 22.30 automobil  se iz pravca sela Dublje uklju\u010divao na regionalni put i naleto je na autobus. Na licu mesta preminuo je voza\u010d automobila, dok je ozbiljnije povre\u0111eno \u010detiri lica iz autobusa, a vi\u0161e njih je sa lak\u0161im povredama je sopstvenim prevozom do\u0161lo do bolnice.<\/p>\n","protected":false},"excerpt":{"rendered":"<p>\u0106UPRIJA-Jedno lice je poginulo i vi\u0161e od 20 je te\u017ee i lak\u0161e povre\u0111eno sino\u0107 u dve saobra\u0107ajne nesre\u0107e na putevima \u0106uprija-Para\u0107in i Svilajnac-Despotovac, potvr\u0111eno je &hellip; <\/p>\n","protected":false},"author":4,"featured_media":3970,"comment_status":"open","ping_status":"open","sticky":false,"template":"","format":"standard","meta":{"footnotes":""},"categories":[20],"tags":[44,1055,156,212,38],"_links":{"self":[{"href":"https:\/\/centralmedia.rs\/index.php\/wp-json\/wp\/v2\/posts\/3983"}],"collection":[{"href":"https:\/\/centralmedia.rs\/index.php\/wp-json\/wp\/v2\/posts"}],"about":[{"href":"https:\/\/centralmedia.rs\/index.php\/wp-json\/wp\/v2\/types\/post"}],"author":[{"embeddable":true,"href":"https:\/\/centralmedia.rs\/index.php\/wp-json\/wp\/v2\/users\/4"}],"replies":[{"embeddable":true,"href":"https:\/\/centralmedia.rs\/index.php\/wp-json\/wp\/v2\/comments?post=3983"}],"version-history":[{"count":0,"href":"https:\/\/centralmedia.rs\/index.php\/wp-json\/wp\/v2\/posts\/3983\/revisions"}],"wp:featuredmedia":[{"embeddable":true,"href":"https:\/\/centralmedia.rs\/index.php\/wp-json\/wp\/v2\/media\/3970"}],"wp:attachment":[{"href":"https:\/\/centralmedia.rs\/index.php\/wp-json\/wp\/v2\/media?parent=3983"}],"wp:term":[{"taxonomy":"category","embeddable":true,"href":"https:\/\/centralmedia.rs\/index.php\/wp-json\/wp\/v2\/categories?post=3983"},{"taxonomy":"post_tag","embeddable":true,"href":"https:\/\/centralmedia.rs\/index.php\/wp-json\/wp\/v2\/tags?post=3983"}],"curies":[{"name":"wp","href":"https:\/\/api.w.org\/{rel}","templated":true}]}}