{"id":39850,"date":"2024-10-04T00:33:07","date_gmt":"2024-10-03T22:33:07","guid":{"rendered":"https:\/\/centralmedia.rs\/?p=39850"},"modified":"2024-10-04T00:55:53","modified_gmt":"2024-10-03T22:55:53","slug":"predsednik-zasukao-rukave-i-cistio-despotovac","status":"publish","type":"post","link":"https:\/\/centralmedia.rs\/index.php\/2024\/10\/04\/predsednik-zasukao-rukave-i-cistio-despotovac\/","title":{"rendered":"PREDSEDNIK ZASUKAO RUKAVE I \u010cISTIO DESPOTOVAC"},"content":{"rendered":"\n<p>Uspe\u0161no je odr\u017eana akcija \u201eO\u010distimo Despotovac\u201c. Akcija je po\u010dela u jutarnjim \u010dasovima, a vi\u0161e od 130 u\u010desnika, volontera i radnika komunalnog sektora su \u010distili javne povr\u0161ine \u0161irom grada. U akciji je u\u010destvovao i predsednik Op\u0161tine dr Zlatko Marjanovi\u0107, sa saradnicima i direktorima javnih preduze\u0107a i ustanova. Tako\u0111e u akciji je u\u010destvovalo Ekolo\u0161ko udru\u017eenje &#8220;Moja Resava&#8221;, kao i kompanija FCC-Vrbak.<\/p>\n\n\n\n<figure class=\"wp-block-image size-large\"><img loading=\"lazy\" decoding=\"async\" width=\"1024\" height=\"684\" src=\"https:\/\/centralmedia.rs\/wp-content\/uploads\/2024\/10\/ocistimo-1024x684.jpg\" alt=\"\" class=\"wp-image-39852\" srcset=\"https:\/\/centralmedia.rs\/wp-content\/uploads\/2024\/10\/ocistimo-1024x684.jpg 1024w, https:\/\/centralmedia.rs\/wp-content\/uploads\/2024\/10\/ocistimo-300x200.jpg 300w, https:\/\/centralmedia.rs\/wp-content\/uploads\/2024\/10\/ocistimo-768x513.jpg 768w, https:\/\/centralmedia.rs\/wp-content\/uploads\/2024\/10\/ocistimo-1536x1025.jpg 1536w, https:\/\/centralmedia.rs\/wp-content\/uploads\/2024\/10\/ocistimo-600x400.jpg 600w, https:\/\/centralmedia.rs\/wp-content\/uploads\/2024\/10\/ocistimo.jpg 2048w\" sizes=\"(max-width: 1024px) 100vw, 1024px\" \/><\/figure>\n\n\n\n<p>Predsednik Op\u0161tine je ovom prilikom poru\u010dio da je ova akcija zami\u0161ljena ne samo da bi grad bio \u010distiji ve\u0107 i da se na ovaj na\u010din podigne svest gra\u0111ana kako bismo i na dalje brinuli o svom okru\u017eenju, tako\u0111e je izrazio i veliku zahvalnost svim u\u010desnicima u dana\u0161njoj akciji koji su pomogli da Despotovac bude \u010distiji grad i najavio da je ovo prva akcija ovakvih razmera na teritoriji op\u0161tine i da i u budu\u0107nosti mo\u017eemo o\u010dekivati sli\u010dne aktivnosti koje \u0107e ne samo Despotovac ve\u0107 i ostale mesne zajednice u\u010diniti boljim i lep\u0161im mestima za \u017eivot.<\/p>\n\n\n\n<figure class=\"wp-block-image size-large\"><img loading=\"lazy\" decoding=\"async\" width=\"1024\" height=\"694\" src=\"https:\/\/centralmedia.rs\/wp-content\/uploads\/2024\/10\/beljajka-1024x694.jpg\" alt=\"\" class=\"wp-image-39853\" srcset=\"https:\/\/centralmedia.rs\/wp-content\/uploads\/2024\/10\/beljajka-1024x694.jpg 1024w, https:\/\/centralmedia.rs\/wp-content\/uploads\/2024\/10\/beljajka-300x203.jpg 300w, https:\/\/centralmedia.rs\/wp-content\/uploads\/2024\/10\/beljajka-768x520.jpg 768w, https:\/\/centralmedia.rs\/wp-content\/uploads\/2024\/10\/beljajka-1536x1040.jpg 1536w, https:\/\/centralmedia.rs\/wp-content\/uploads\/2024\/10\/beljajka.jpg 2048w\" sizes=\"(max-width: 1024px) 100vw, 1024px\" \/><\/figure>\n\n\n\n<p>SASTANAK SA ME\u0160TANIMA BELJAJKE<\/p>\n\n\n\n<p>Predsednik Op\u0161tine Despotovac, dr Zlatko Marjanovi\u0107, odr\u017eao sastanak sa me\u0161tanima sela Beljajka. Oni su izneli svoje probleme, zahteve i predloge koji su od interesa za ovo selo, a predsednik Op\u0161tine je naglasio da \u0107e biti preduzeti konkretni koraci za re\u0161avanje teku\u0107ih problema u Beljajci i da \u0107e se u budu\u0107nosti raditi na unapre\u0111enju uslova za \u017eivot u ovoj mesnoj zajednici.<\/p>\n","protected":false},"excerpt":{"rendered":"<p>Uspe\u0161no je odr\u017eana akcija \u201eO\u010distimo Despotovac\u201c. Akcija je po\u010dela u jutarnjim \u010dasovima, a vi\u0161e od 130 u\u010desnika, volontera i radnika komunalnog sektora su \u010distili javne &hellip; <\/p>\n","protected":false},"author":2,"featured_media":39851,"comment_status":"closed","ping_status":"open","sticky":false,"template":"","format":"standard","meta":{"footnotes":""},"categories":[1518,1524,2,16,12],"tags":[6678,51],"_links":{"self":[{"href":"https:\/\/centralmedia.rs\/index.php\/wp-json\/wp\/v2\/posts\/39850"}],"collection":[{"href":"https:\/\/centralmedia.rs\/index.php\/wp-json\/wp\/v2\/posts"}],"about":[{"href":"https:\/\/centralmedia.rs\/index.php\/wp-json\/wp\/v2\/types\/post"}],"author":[{"embeddable":true,"href":"https:\/\/centralmedia.rs\/index.php\/wp-json\/wp\/v2\/users\/2"}],"replies":[{"embeddable":true,"href":"https:\/\/centralmedia.rs\/index.php\/wp-json\/wp\/v2\/comments?post=39850"}],"version-history":[{"count":2,"href":"https:\/\/centralmedia.rs\/index.php\/wp-json\/wp\/v2\/posts\/39850\/revisions"}],"predecessor-version":[{"id":39866,"href":"https:\/\/centralmedia.rs\/index.php\/wp-json\/wp\/v2\/posts\/39850\/revisions\/39866"}],"wp:featuredmedia":[{"embeddable":true,"href":"https:\/\/centralmedia.rs\/index.php\/wp-json\/wp\/v2\/media\/39851"}],"wp:attachment":[{"href":"https:\/\/centralmedia.rs\/index.php\/wp-json\/wp\/v2\/media?parent=39850"}],"wp:term":[{"taxonomy":"category","embeddable":true,"href":"https:\/\/centralmedia.rs\/index.php\/wp-json\/wp\/v2\/categories?post=39850"},{"taxonomy":"post_tag","embeddable":true,"href":"https:\/\/centralmedia.rs\/index.php\/wp-json\/wp\/v2\/tags?post=39850"}],"curies":[{"name":"wp","href":"https:\/\/api.w.org\/{rel}","templated":true}]}}