{"id":3987,"date":"2016-07-28T12:47:08","date_gmt":"2016-07-28T12:47:08","guid":{"rendered":"http:\/\/centralmedia.rs\/?p=3987"},"modified":"2016-07-28T13:28:17","modified_gmt":"2016-07-28T13:28:17","slug":"konji-spasili-zivote-petoclanoj-porodici","status":"publish","type":"post","link":"https:\/\/centralmedia.rs\/index.php\/2016\/07\/28\/konji-spasili-zivote-petoclanoj-porodici\/","title":{"rendered":"KONJI SPASILI \u017dIVOTE PETO\u010cLANOJ PORODICI"},"content":{"rendered":"<p>\u0106UPRIJA-Jedno lice je poginulo, a \u010detnaestoro te\u017ee  te\u017ee i lak\u0161e povre\u0111eno sino\u0107 u dve saobra\u0107ajne nesre\u0107e na regionalnim putevima \u0106uprija-Para\u0107in  i Svilajnac-Despotovac, potvrdio je direktor Op\u0161te bolnice u \u0106upriji dr Slobodan Gaji\u0107. Od \u010detrnaestoro povre\u0111enih, devetoro je zadr\u017eano na le\u010denju u toj bolnici. Povre\u0111ena lica su iz Para\u0107ina, \u0106uprije i Svilajnca.    <div id='gallery-1' class='gallery galleryid-3987 gallery-columns-3 gallery-size-large'><figure class='gallery-item'>\n\t\t\t<div class='gallery-icon landscape'>\n\t\t\t\t<a href='https:\/\/centralmedia.rs\/index.php\/2016\/07\/28\/konji-spasili-zivote-petoclanoj-porodici\/audi-cuprija-g-j\/'><img loading=\"lazy\" decoding=\"async\" width=\"760\" height=\"570\" src=\"https:\/\/centralmedia.rs\/wp-content\/uploads\/2016\/07\/audi-cuprija-g.j..jpg\" class=\"attachment-large size-large\" alt=\"\" srcset=\"https:\/\/centralmedia.rs\/wp-content\/uploads\/2016\/07\/audi-cuprija-g.j..jpg 900w, https:\/\/centralmedia.rs\/wp-content\/uploads\/2016\/07\/audi-cuprija-g.j.-300x225.jpg 300w, https:\/\/centralmedia.rs\/wp-content\/uploads\/2016\/07\/audi-cuprija-g.j.-768x576.jpg 768w, https:\/\/centralmedia.rs\/wp-content\/uploads\/2016\/07\/audi-cuprija-g.j.-80x60.jpg 80w, https:\/\/centralmedia.rs\/wp-content\/uploads\/2016\/07\/audi-cuprija-g.j.-265x198.jpg 265w\" sizes=\"(max-width: 760px) 100vw, 760px\" \/><\/a>\n\t\t\t<\/div><\/figure><figure class='gallery-item'>\n\t\t\t<div class='gallery-icon landscape'>\n\t\t\t\t<a href='https:\/\/centralmedia.rs\/index.php\/2016\/07\/28\/konji-spasili-zivote-petoclanoj-porodici\/bmw-cuprija-g-j\/'><img loading=\"lazy\" decoding=\"async\" width=\"760\" height=\"570\" src=\"https:\/\/centralmedia.rs\/wp-content\/uploads\/2016\/07\/BMW-cuprija-g.j.jpg\" class=\"attachment-large size-large\" alt=\"\" srcset=\"https:\/\/centralmedia.rs\/wp-content\/uploads\/2016\/07\/BMW-cuprija-g.j.jpg 900w, https:\/\/centralmedia.rs\/wp-content\/uploads\/2016\/07\/BMW-cuprija-g.j-300x225.jpg 300w, https:\/\/centralmedia.rs\/wp-content\/uploads\/2016\/07\/BMW-cuprija-g.j-768x576.jpg 768w, https:\/\/centralmedia.rs\/wp-content\/uploads\/2016\/07\/BMW-cuprija-g.j-80x60.jpg 80w, https:\/\/centralmedia.rs\/wp-content\/uploads\/2016\/07\/BMW-cuprija-g.j-265x198.jpg 265w\" sizes=\"(max-width: 760px) 100vw, 760px\" \/><\/a>\n\t\t\t<\/div><\/figure><figure class='gallery-item'>\n\t\t\t<div class='gallery-icon landscape'>\n\t\t\t\t<a href='https:\/\/centralmedia.rs\/index.php\/2016\/07\/28\/konji-spasili-zivote-petoclanoj-porodici\/opsta-bolnica-cuprija-g-j\/'><img loading=\"lazy\" decoding=\"async\" width=\"760\" height=\"475\" src=\"https:\/\/centralmedia.rs\/wp-content\/uploads\/2016\/07\/opsta-bolnica-cuprija-g.j..jpg\" class=\"attachment-large size-large\" alt=\"\" srcset=\"https:\/\/centralmedia.rs\/wp-content\/uploads\/2016\/07\/opsta-bolnica-cuprija-g.j..jpg 961w, https:\/\/centralmedia.rs\/wp-content\/uploads\/2016\/07\/opsta-bolnica-cuprija-g.j.-300x187.jpg 300w, https:\/\/centralmedia.rs\/wp-content\/uploads\/2016\/07\/opsta-bolnica-cuprija-g.j.-768x480.jpg 768w\" sizes=\"(max-width: 760px) 100vw, 760px\" \/><\/a>\n\t\t\t<\/div><\/figure>\n\t\t<\/div>\n<br \/>\n\t-Jedno lice iz Svilajnca je preminulo na licu mesta od posledica udesa na regionalnom putu Svilajnac \u2013Despotovac, saop\u0161teno je iz svilajna\u010dkog Doma zdravlja.<br \/>\nPovre\u0111eni su zbrinuti na odeljenjima ortopedije, hirurgije, masksilofacijalne hirigruije i neurohirugije \u0107uprijske Op\u0161te bolnice.<br \/>\n-Za sada su svi povre\u0111eni stabilno i van \u017eivotne opasnosti, imaju razli\u010dite te\u017eine povreda od posledica saobra\u0107ajne nesre\u0107e. Hospitalizovani pacijeneti su \u017eivotne dobi  od deteta od godinu i po do lica od 65 godina. Oni su zadobili prelome ekstremiteta nogu i ruku, lomove noseva, potrese mozga&#8230; ka\u017ee dr Gaji\u0107<div id='gallery-2' class='gallery galleryid-3987 gallery-columns-3 gallery-size-large'><figure class='gallery-item'>\n\t\t\t<div class='gallery-icon landscape'>\n\t\t\t\t<a href='https:\/\/centralmedia.rs\/index.php\/2016\/07\/28\/konji-spasili-zivote-petoclanoj-porodici\/uginuli-konj-1-cuprija-g-j\/'><img loading=\"lazy\" decoding=\"async\" width=\"760\" height=\"477\" src=\"https:\/\/centralmedia.rs\/wp-content\/uploads\/2016\/07\/uginuli-konj-1-cuprija-g.j..jpg\" class=\"attachment-large size-large\" alt=\"\" srcset=\"https:\/\/centralmedia.rs\/wp-content\/uploads\/2016\/07\/uginuli-konj-1-cuprija-g.j..jpg 955w, https:\/\/centralmedia.rs\/wp-content\/uploads\/2016\/07\/uginuli-konj-1-cuprija-g.j.-300x188.jpg 300w, https:\/\/centralmedia.rs\/wp-content\/uploads\/2016\/07\/uginuli-konj-1-cuprija-g.j.-768x483.jpg 768w\" sizes=\"(max-width: 760px) 100vw, 760px\" \/><\/a>\n\t\t\t<\/div><\/figure><figure class='gallery-item'>\n\t\t\t<div class='gallery-icon landscape'>\n\t\t\t\t<a href='https:\/\/centralmedia.rs\/index.php\/2016\/07\/28\/konji-spasili-zivote-petoclanoj-porodici\/ostaci-zapreznog-vozila-cuprija-g-j\/'><img loading=\"lazy\" decoding=\"async\" width=\"760\" height=\"570\" src=\"https:\/\/centralmedia.rs\/wp-content\/uploads\/2016\/07\/ostaci-zapreznog-vozila-cuprija-g.j..jpg\" class=\"attachment-large size-large\" alt=\"\" srcset=\"https:\/\/centralmedia.rs\/wp-content\/uploads\/2016\/07\/ostaci-zapreznog-vozila-cuprija-g.j..jpg 900w, https:\/\/centralmedia.rs\/wp-content\/uploads\/2016\/07\/ostaci-zapreznog-vozila-cuprija-g.j.-300x225.jpg 300w, https:\/\/centralmedia.rs\/wp-content\/uploads\/2016\/07\/ostaci-zapreznog-vozila-cuprija-g.j.-768x576.jpg 768w, https:\/\/centralmedia.rs\/wp-content\/uploads\/2016\/07\/ostaci-zapreznog-vozila-cuprija-g.j.-80x60.jpg 80w, https:\/\/centralmedia.rs\/wp-content\/uploads\/2016\/07\/ostaci-zapreznog-vozila-cuprija-g.j.-265x198.jpg 265w\" sizes=\"(max-width: 760px) 100vw, 760px\" \/><\/a>\n\t\t\t<\/div><\/figure><figure class='gallery-item'>\n\t\t\t<div class='gallery-icon landscape'>\n\t\t\t\t<a href='https:\/\/centralmedia.rs\/index.php\/2016\/07\/28\/konji-spasili-zivote-petoclanoj-porodici\/ostaci-zapreznog-vozila-2-cuprija-g-j\/'><img loading=\"lazy\" decoding=\"async\" width=\"760\" height=\"508\" src=\"https:\/\/centralmedia.rs\/wp-content\/uploads\/2016\/07\/ostaci-zapreznog-vozila-2-cuprija-g.j..jpg\" class=\"attachment-large size-large\" alt=\"\" srcset=\"https:\/\/centralmedia.rs\/wp-content\/uploads\/2016\/07\/ostaci-zapreznog-vozila-2-cuprija-g.j..jpg 900w, https:\/\/centralmedia.rs\/wp-content\/uploads\/2016\/07\/ostaci-zapreznog-vozila-2-cuprija-g.j.-300x200.jpg 300w, https:\/\/centralmedia.rs\/wp-content\/uploads\/2016\/07\/ostaci-zapreznog-vozila-2-cuprija-g.j.-768x513.jpg 768w\" sizes=\"(max-width: 760px) 100vw, 760px\" \/><\/a>\n\t\t\t<\/div><\/figure>\n\t\t<\/div>\n<br \/>\n Od 22 sata ta bolnica imala je veliki priliv povre\u0111enih, prvo je sa nesre\u0107e na putu \u0106uprija-Para\u0107in zbrinuto \u0161estoro povre\u0111enih, a oko 23.30 iz Svilajnca je vozilima hitne pomo\u0107i i privatnim vozilima dove\u017eeno osmoro povre\u0111enih. U bolnici je zadr\u017eano devetoro, a  petoro je pu\u0161teno ku\u0107i sa tim da se jave lekaru.<br \/>\n      Prva saobra\u0107ajna nesre\u0107a dogodila se u sredu oko 21.05 na regionalnom putu \u0106uprija &#8211; Para\u0107inu prilikom preticanja autobusa u velikoj brzini dva putni\u010dka vozila, audi i BMW, direktno su udarila u konjsku zapregu u kojoj je bila peto\u010dlana Romska porodica. Povre\u0111ni su voza\u010d automobila Z.R. (25) iz \u0106uprije, dok su putnici konjske zaprege porodica iz Para\u0107ina T.E.(10), P.Z. (37), L.G. (6), L.L. (36) i jedoipogodi\u0161nje dete T.L.  Oba konja su uginula na licu mesta i oni su svojim telima spasili porodicu od sigurne smrti, jer su automobili u velikoj brzini direktno udarili u njih. Saobra\u0107aj je bio u prekidu i preusmeravan na auto-put. U drugoj saobra\u0107ajnoj nesre\u0107i u Svilajncu oko 22.30 automobil  iz pravca sela Dublje nije stao na znak ,,stop\u201d i prilikom uklju\u010divanja na regionalni put naleto je na autobus. Na licu mesta preminuo je voza\u010d automobila, dok je u bolnici zadr\u017eano troje lica sa te\u0161kim povredama A.J. (19), M.M. (65) i S.Z svi iz Svilajnca, a petoro pu\u0161teno na ku\u0107no le\u010denje. <\/p>\n","protected":false},"excerpt":{"rendered":"<p>\u0106UPRIJA-Jedno lice je poginulo, a \u010detnaestoro te\u017ee te\u017ee i lak\u0161e povre\u0111eno sino\u0107 u dve saobra\u0107ajne nesre\u0107e na regionalnim putevima \u0106uprija-Para\u0107in i Svilajnac-Despotovac, potvrdio je direktor &hellip; <\/p>\n","protected":false},"author":4,"featured_media":3988,"comment_status":"open","ping_status":"open","sticky":false,"template":"","format":"standard","meta":{"footnotes":""},"categories":[20,2],"tags":[44,156,1058,1057,1056,38],"_links":{"self":[{"href":"https:\/\/centralmedia.rs\/index.php\/wp-json\/wp\/v2\/posts\/3987"}],"collection":[{"href":"https:\/\/centralmedia.rs\/index.php\/wp-json\/wp\/v2\/posts"}],"about":[{"href":"https:\/\/centralmedia.rs\/index.php\/wp-json\/wp\/v2\/types\/post"}],"author":[{"embeddable":true,"href":"https:\/\/centralmedia.rs\/index.php\/wp-json\/wp\/v2\/users\/4"}],"replies":[{"embeddable":true,"href":"https:\/\/centralmedia.rs\/index.php\/wp-json\/wp\/v2\/comments?post=3987"}],"version-history":[{"count":0,"href":"https:\/\/centralmedia.rs\/index.php\/wp-json\/wp\/v2\/posts\/3987\/revisions"}],"wp:featuredmedia":[{"embeddable":true,"href":"https:\/\/centralmedia.rs\/index.php\/wp-json\/wp\/v2\/media\/3988"}],"wp:attachment":[{"href":"https:\/\/centralmedia.rs\/index.php\/wp-json\/wp\/v2\/media?parent=3987"}],"wp:term":[{"taxonomy":"category","embeddable":true,"href":"https:\/\/centralmedia.rs\/index.php\/wp-json\/wp\/v2\/categories?post=3987"},{"taxonomy":"post_tag","embeddable":true,"href":"https:\/\/centralmedia.rs\/index.php\/wp-json\/wp\/v2\/tags?post=3987"}],"curies":[{"name":"wp","href":"https:\/\/api.w.org\/{rel}","templated":true}]}}