{"id":39878,"date":"2024-10-05T20:50:07","date_gmt":"2024-10-05T18:50:07","guid":{"rendered":"https:\/\/centralmedia.rs\/?p=39878"},"modified":"2024-10-05T20:50:08","modified_gmt":"2024-10-05T18:50:08","slug":"dvodnevni-izlet-za-penzionere-u-ohrid","status":"publish","type":"post","link":"https:\/\/centralmedia.rs\/index.php\/2024\/10\/05\/dvodnevni-izlet-za-penzionere-u-ohrid\/","title":{"rendered":"DVODNEVNI IZLET ZA PENZIONERE U OHRID"},"content":{"rendered":"\n<p>U okviru projekta \u201eSvilajn\u010dani na prvom mestu\u201c, za sve penzionere i na\u0161e sugra\u0111ane starije od 65 godina, koji poseduju SVILAJNA\u010cKU KARTICU, Korisni\u010dki centar Op\u0161tine Svilajnac organizuje 29. i 30. oktobra 2024.godine besplatni dvodnevni izlet &nbsp;OHRID 2024<\/p>\n\n\n\n<figure class=\"wp-block-gallery has-nested-images columns-default is-cropped wp-block-gallery-1 is-layout-flex wp-block-gallery-is-layout-flex\">\n<figure class=\"wp-block-image size-large\"><img loading=\"lazy\" decoding=\"async\" width=\"591\" height=\"960\" data-id=\"39880\" src=\"https:\/\/centralmedia.rs\/wp-content\/uploads\/2024\/10\/ohrid-1.jpg\" alt=\"\" class=\"wp-image-39880\" srcset=\"https:\/\/centralmedia.rs\/wp-content\/uploads\/2024\/10\/ohrid-1.jpg 591w, https:\/\/centralmedia.rs\/wp-content\/uploads\/2024\/10\/ohrid-1-185x300.jpg 185w\" sizes=\"(max-width: 591px) 100vw, 591px\" \/><\/figure>\n\n\n\n<figure class=\"wp-block-image size-large\"><img loading=\"lazy\" decoding=\"async\" width=\"731\" height=\"1024\" data-id=\"39881\" src=\"https:\/\/centralmedia.rs\/wp-content\/uploads\/2024\/10\/ohrid-2-731x1024.jpg\" alt=\"\" class=\"wp-image-39881\" srcset=\"https:\/\/centralmedia.rs\/wp-content\/uploads\/2024\/10\/ohrid-2-731x1024.jpg 731w, https:\/\/centralmedia.rs\/wp-content\/uploads\/2024\/10\/ohrid-2-214x300.jpg 214w, https:\/\/centralmedia.rs\/wp-content\/uploads\/2024\/10\/ohrid-2-768x1076.jpg 768w, https:\/\/centralmedia.rs\/wp-content\/uploads\/2024\/10\/ohrid-2-1096x1536.jpg 1096w, https:\/\/centralmedia.rs\/wp-content\/uploads\/2024\/10\/ohrid-2.jpg 1142w\" sizes=\"(max-width: 731px) 100vw, 731px\" \/><\/figure>\n<\/figure>\n\n\n\n<p>Prijavljivanje se vr\u0161i li\u010dno od 7. oktobra i traje do popunjavanja ograni\u010denog broja mesta, a najkasnije do 18.oktobra u Korisni\u010dkom centru op\u0161tine Svilajnac, u ulici 27.marta 2, svakog radnog dana od 8 do 16 \u010dasova i u mesnim kancelarijama po slede\u0107em rasporedu:<\/p>\n\n\n\n<p>Ponedeljak 7. oktobar: Crkvenac, Glo\u017eane, Rado\u0161in, Vojska, Dublje, Grabovac, Roanda, Subotica, Sedlare, Ro\u0107evac, Lukovica, Bobovo, Ku\u0161iljevo.<\/p>\n\n\n\n<p>Utorak 8. oktobar: Crkvenac, Glo\u017eane, Vojska, Bresje, Troponje, Roanda, Subotica, Sedlare, Kupinovac, Lukovica, Pro\u0161tinac, Dubnica, Ku\u0161iljevo.<\/p>\n\n\n\n<p>Sreda 9. oktobar: Glo\u017eane, Rado\u0161in, Vojska, Grabovac, Roanda, Sedlare, Ro\u0107evac, Lukovica, Bobovo, Dubnica, Ku\u0161iljevo.<\/p>\n\n\n\n<p>Potrebno je sa sobom poneti Svilajna\u010dku karticu i va\u017ee\u0107u li\u010dnu kartu ili paso\u0161.<\/p>\n\n\n\n<p>Detaljne informacije mo\u017eete dobiti pozivom na brojeve 035\/312-311 i 065\/312-311-1.<\/p>\n","protected":false},"excerpt":{"rendered":"<p>U okviru projekta \u201eSvilajn\u010dani na prvom mestu\u201c, za sve penzionere i na\u0161e sugra\u0111ane starije od 65 godina, koji poseduju SVILAJNA\u010cKU KARTICU, Korisni\u010dki centar Op\u0161tine Svilajnac &hellip; <\/p>\n","protected":false},"author":2,"featured_media":39879,"comment_status":"closed","ping_status":"open","sticky":false,"template":"","format":"standard","meta":{"footnotes":""},"categories":[1524,23,887,1517,5785,3054],"tags":[2270,728,38],"_links":{"self":[{"href":"https:\/\/centralmedia.rs\/index.php\/wp-json\/wp\/v2\/posts\/39878"}],"collection":[{"href":"https:\/\/centralmedia.rs\/index.php\/wp-json\/wp\/v2\/posts"}],"about":[{"href":"https:\/\/centralmedia.rs\/index.php\/wp-json\/wp\/v2\/types\/post"}],"author":[{"embeddable":true,"href":"https:\/\/centralmedia.rs\/index.php\/wp-json\/wp\/v2\/users\/2"}],"replies":[{"embeddable":true,"href":"https:\/\/centralmedia.rs\/index.php\/wp-json\/wp\/v2\/comments?post=39878"}],"version-history":[{"count":1,"href":"https:\/\/centralmedia.rs\/index.php\/wp-json\/wp\/v2\/posts\/39878\/revisions"}],"predecessor-version":[{"id":39882,"href":"https:\/\/centralmedia.rs\/index.php\/wp-json\/wp\/v2\/posts\/39878\/revisions\/39882"}],"wp:featuredmedia":[{"embeddable":true,"href":"https:\/\/centralmedia.rs\/index.php\/wp-json\/wp\/v2\/media\/39879"}],"wp:attachment":[{"href":"https:\/\/centralmedia.rs\/index.php\/wp-json\/wp\/v2\/media?parent=39878"}],"wp:term":[{"taxonomy":"category","embeddable":true,"href":"https:\/\/centralmedia.rs\/index.php\/wp-json\/wp\/v2\/categories?post=39878"},{"taxonomy":"post_tag","embeddable":true,"href":"https:\/\/centralmedia.rs\/index.php\/wp-json\/wp\/v2\/tags?post=39878"}],"curies":[{"name":"wp","href":"https:\/\/api.w.org\/{rel}","templated":true}]}}