{"id":39902,"date":"2024-10-07T00:56:26","date_gmt":"2024-10-06T22:56:26","guid":{"rendered":"https:\/\/centralmedia.rs\/?p=39902"},"modified":"2024-10-07T00:56:27","modified_gmt":"2024-10-06T22:56:27","slug":"sinisi-kovacevicu-povelja-pesnickih-vatri","status":"publish","type":"post","link":"https:\/\/centralmedia.rs\/index.php\/2024\/10\/07\/sinisi-kovacevicu-povelja-pesnickih-vatri\/","title":{"rendered":"SINI\u0160I KOVA\u010cEVI\u0106U POVELJA \u201ePESNI\u010cKIH VATRI\u201c."},"content":{"rendered":"\n<p>istaknuto pisac i reditelj Sini\u0161a Kova\u010devi\u0107 dobitnik Povelje \u201ePesni\u010dkih vatri\u201c na manifestaciji \u201cPesni\u010dke vatre zlatiborske\u201d koja je odr\u017eana je 11. put u \u010dast 200 godina od ro\u0111enja velikog Branka Radi\u010devi\u0107a. &nbsp;Povelju je dobitniku uru\u010dio predsednik op\u0161tine \u010cajetina, Milan Stamatovi\u0107, nagla\u0161avaju\u0107i njegov doprinos srpskoj knji\u017eevnosti i umetnosti.<\/p>\n\n\n\n<p>Manifestacija je po\u010dela tradicionalnim paljenjem vatre na \u0160umatnom brdu. Ovogodi\u0161nju vatru zapalio je &nbsp;Sini\u0161a Kova\u010devi\u0107 koji je prisutnima govorio o liku i delu Branka Radi\u010devi\u0107a.<\/p>\n\n\n\n<p>U Kulturnom centru Zlatibor dramski umetnik Branislav Toma\u0161evi\u0107 izveo je delo \u201e\u0110a\u010dki rastanak\u201c, kao i glumica Ljiljana Blagojevi\u0107 sa delom \u201eKad mlidijah umreti\u201c. Dobitnik ovogodi\u0161nje Povelje je govorio o Radi\u010devi\u0107u, a o Kova\u010devi\u0107evom stvarala\u0161tvu govorila je dr. Jovana Jovanovi\u0107 iz Instituta za srpski jezik SANU.<\/p>\n\n\n\n<p>Na kraju manifestacije, knji\u017eevnica Slavica Mari\u0107 pozdravila je sve prisutne pesmom o Zlatiboru. Kao uvertira za manifestaciju, u petak je u dvorani Kulturnog centra prikazan igrani film \u201eSinovci\u201c Sini\u0161e Kova\u010devi\u0107a. Manifestaciju su organizovali Op\u0161tina \u010cajetina, Turisti\u010dka organizacija Zlatibor i Udru\u017eenje \u201eMe\u0111unarodni festival sportskog filma Zlatibor\u201c.<\/p>\n","protected":false},"excerpt":{"rendered":"<p>istaknuto pisac i reditelj Sini\u0161a Kova\u010devi\u0107 dobitnik Povelje \u201ePesni\u010dkih vatri\u201c na manifestaciji \u201cPesni\u010dke vatre zlatiborske\u201d koja je odr\u017eana je 11. put u \u010dast 200 godina &hellip; <\/p>\n","protected":false},"author":2,"featured_media":39903,"comment_status":"closed","ping_status":"open","sticky":false,"template":"","format":"standard","meta":{"footnotes":""},"categories":[2875,1524,2,15,12],"tags":[3806,2876],"_links":{"self":[{"href":"https:\/\/centralmedia.rs\/index.php\/wp-json\/wp\/v2\/posts\/39902"}],"collection":[{"href":"https:\/\/centralmedia.rs\/index.php\/wp-json\/wp\/v2\/posts"}],"about":[{"href":"https:\/\/centralmedia.rs\/index.php\/wp-json\/wp\/v2\/types\/post"}],"author":[{"embeddable":true,"href":"https:\/\/centralmedia.rs\/index.php\/wp-json\/wp\/v2\/users\/2"}],"replies":[{"embeddable":true,"href":"https:\/\/centralmedia.rs\/index.php\/wp-json\/wp\/v2\/comments?post=39902"}],"version-history":[{"count":1,"href":"https:\/\/centralmedia.rs\/index.php\/wp-json\/wp\/v2\/posts\/39902\/revisions"}],"predecessor-version":[{"id":39904,"href":"https:\/\/centralmedia.rs\/index.php\/wp-json\/wp\/v2\/posts\/39902\/revisions\/39904"}],"wp:featuredmedia":[{"embeddable":true,"href":"https:\/\/centralmedia.rs\/index.php\/wp-json\/wp\/v2\/media\/39903"}],"wp:attachment":[{"href":"https:\/\/centralmedia.rs\/index.php\/wp-json\/wp\/v2\/media?parent=39902"}],"wp:term":[{"taxonomy":"category","embeddable":true,"href":"https:\/\/centralmedia.rs\/index.php\/wp-json\/wp\/v2\/categories?post=39902"},{"taxonomy":"post_tag","embeddable":true,"href":"https:\/\/centralmedia.rs\/index.php\/wp-json\/wp\/v2\/tags?post=39902"}],"curies":[{"name":"wp","href":"https:\/\/api.w.org\/{rel}","templated":true}]}}