{"id":39961,"date":"2024-10-14T19:56:45","date_gmt":"2024-10-14T17:56:45","guid":{"rendered":"https:\/\/centralmedia.rs\/?p=39961"},"modified":"2024-10-14T19:56:45","modified_gmt":"2024-10-14T17:56:45","slug":"skupstina-grada-jagodina","status":"publish","type":"post","link":"https:\/\/centralmedia.rs\/index.php\/2024\/10\/14\/skupstina-grada-jagodina\/","title":{"rendered":"SKUP\u0160TINA GRADA JAGODINA"},"content":{"rendered":"\n<p>Na 4. sednici sednici Skup\u0161tine grada Jagodina mandat odbornika potvr\u0111en je Ani To\u0161ani\u0107 sa liste JS-SPS, koja je potom polo\u017eila zakletvu.<\/p>\n\n\n\n<figure class=\"wp-block-gallery has-nested-images columns-default is-cropped wp-block-gallery-1 is-layout-flex wp-block-gallery-is-layout-flex\">\n<figure class=\"wp-block-image size-large\"><img loading=\"lazy\" decoding=\"async\" width=\"1024\" height=\"498\" data-id=\"39963\" src=\"https:\/\/centralmedia.rs\/wp-content\/uploads\/2024\/10\/skupstina-grada-2-1024x498.jpg\" alt=\"\" class=\"wp-image-39963\" srcset=\"https:\/\/centralmedia.rs\/wp-content\/uploads\/2024\/10\/skupstina-grada-2-1024x498.jpg 1024w, https:\/\/centralmedia.rs\/wp-content\/uploads\/2024\/10\/skupstina-grada-2-300x146.jpg 300w, https:\/\/centralmedia.rs\/wp-content\/uploads\/2024\/10\/skupstina-grada-2-768x373.jpg 768w, https:\/\/centralmedia.rs\/wp-content\/uploads\/2024\/10\/skupstina-grada-2-1536x747.jpg 1536w, https:\/\/centralmedia.rs\/wp-content\/uploads\/2024\/10\/skupstina-grada-2.jpg 2016w\" sizes=\"(max-width: 1024px) 100vw, 1024px\" \/><\/figure>\n\n\n\n<figure class=\"wp-block-image size-large\"><img loading=\"lazy\" decoding=\"async\" width=\"1024\" height=\"498\" data-id=\"39964\" src=\"https:\/\/centralmedia.rs\/wp-content\/uploads\/2024\/10\/skupstina-grada-3-1024x498.jpg\" alt=\"\" class=\"wp-image-39964\" srcset=\"https:\/\/centralmedia.rs\/wp-content\/uploads\/2024\/10\/skupstina-grada-3-1024x498.jpg 1024w, https:\/\/centralmedia.rs\/wp-content\/uploads\/2024\/10\/skupstina-grada-3-300x146.jpg 300w, https:\/\/centralmedia.rs\/wp-content\/uploads\/2024\/10\/skupstina-grada-3-768x373.jpg 768w, https:\/\/centralmedia.rs\/wp-content\/uploads\/2024\/10\/skupstina-grada-3-1536x747.jpg 1536w, https:\/\/centralmedia.rs\/wp-content\/uploads\/2024\/10\/skupstina-grada-3.jpg 2016w\" sizes=\"(max-width: 1024px) 100vw, 1024px\" \/><\/figure>\n<\/figure>\n\n\n\n<p> Odbornici su usvojili ta\u010dke vezane za funkcionisanje mesnih zajednica.<\/p>\n","protected":false},"excerpt":{"rendered":"<p>Na 4. sednici sednici Skup\u0161tine grada Jagodina mandat odbornika potvr\u0111en je Ani To\u0161ani\u0107 sa liste JS-SPS, koja je potom polo\u017eila zakletvu. Odbornici su usvojili ta\u010dke &hellip; <\/p>\n","protected":false},"author":2,"featured_media":39962,"comment_status":"closed","ping_status":"open","sticky":false,"template":"","format":"standard","meta":{"footnotes":""},"categories":[1524,2,1514,13,12],"tags":[58,6691],"_links":{"self":[{"href":"https:\/\/centralmedia.rs\/index.php\/wp-json\/wp\/v2\/posts\/39961"}],"collection":[{"href":"https:\/\/centralmedia.rs\/index.php\/wp-json\/wp\/v2\/posts"}],"about":[{"href":"https:\/\/centralmedia.rs\/index.php\/wp-json\/wp\/v2\/types\/post"}],"author":[{"embeddable":true,"href":"https:\/\/centralmedia.rs\/index.php\/wp-json\/wp\/v2\/users\/2"}],"replies":[{"embeddable":true,"href":"https:\/\/centralmedia.rs\/index.php\/wp-json\/wp\/v2\/comments?post=39961"}],"version-history":[{"count":1,"href":"https:\/\/centralmedia.rs\/index.php\/wp-json\/wp\/v2\/posts\/39961\/revisions"}],"predecessor-version":[{"id":39965,"href":"https:\/\/centralmedia.rs\/index.php\/wp-json\/wp\/v2\/posts\/39961\/revisions\/39965"}],"wp:featuredmedia":[{"embeddable":true,"href":"https:\/\/centralmedia.rs\/index.php\/wp-json\/wp\/v2\/media\/39962"}],"wp:attachment":[{"href":"https:\/\/centralmedia.rs\/index.php\/wp-json\/wp\/v2\/media?parent=39961"}],"wp:term":[{"taxonomy":"category","embeddable":true,"href":"https:\/\/centralmedia.rs\/index.php\/wp-json\/wp\/v2\/categories?post=39961"},{"taxonomy":"post_tag","embeddable":true,"href":"https:\/\/centralmedia.rs\/index.php\/wp-json\/wp\/v2\/tags?post=39961"}],"curies":[{"name":"wp","href":"https:\/\/api.w.org\/{rel}","templated":true}]}}