{"id":3998,"date":"2016-07-29T12:52:05","date_gmt":"2016-07-29T12:52:05","guid":{"rendered":"http:\/\/centralmedia.rs\/?p=3998"},"modified":"2017-01-20T01:20:16","modified_gmt":"2017-01-20T01:20:16","slug":"rekorder-u-davalastvu-krvi-miladin-milanovic-za-65-godina-65-put-dao-krv","status":"publish","type":"post","link":"https:\/\/centralmedia.rs\/index.php\/2016\/07\/29\/rekorder-u-davalastvu-krvi-miladin-milanovic-za-65-godina-65-put-dao-krv\/","title":{"rendered":"REKORDER U DAVALA\u0160TVU KRVI MILADIN MILANOVI\u0106-ZA 65 GODINA, 65 PUT DAO KRV"},"content":{"rendered":"<p>SVILAJNAC-Radnik TE Morava Miladin Milanovi\u0107 iz Svilajnca napunio je 65 godina \u017eivota i danas je 65. put dao krv. Po tome je on rekorder me\u0111u zaposlenima u EPS i uop\u0161te me\u0161u davaocima u Srbiji.<br \/>\n-Prvi put sam krv dao kao vojnik pre 50 godina, jer je jednom vojniku bila potrebna. Nikada nisam koristio slobodne dane ili bilo kakve povoljnosti. Radujem se kada ljudi pozovu i ka\u017eu da im je moja krv pomogla, to mi je najve\u0107a nagrada. Motiv za moje davala\u0161vo je humanost na prvom mestu, a velika stvar je kada ste svesni da u\u010destvujete u spa\u0161avanju ne\u010dijeg \u017eivota. Ni\u0161ta drugo me ne rukovodi. Do penzije mi je ostalo jo\u0161 deset dana, pri\u010da Milanovi\u0107.<\/p>\n<p><div id='gallery-1' class='gallery galleryid-3998 gallery-columns-2 gallery-size-large'><figure class='gallery-item'>\n\t\t\t<div class='gallery-icon landscape'>\n\t\t\t\t<a href='https:\/\/centralmedia.rs\/index.php\/2016\/07\/29\/rekorder-u-davalastvu-krvi-miladin-milanovic-za-65-godina-65-put-dao-krv\/miladin-milanovic-1-svilajnac-g-j\/'><img loading=\"lazy\" decoding=\"async\" width=\"760\" height=\"539\" src=\"https:\/\/centralmedia.rs\/wp-content\/uploads\/2016\/07\/miladin-milanovic-1-svilajnac-g.j..jpg\" class=\"attachment-large size-large\" alt=\"\" srcset=\"https:\/\/centralmedia.rs\/wp-content\/uploads\/2016\/07\/miladin-milanovic-1-svilajnac-g.j..jpg 900w, https:\/\/centralmedia.rs\/wp-content\/uploads\/2016\/07\/miladin-milanovic-1-svilajnac-g.j.-300x213.jpg 300w, https:\/\/centralmedia.rs\/wp-content\/uploads\/2016\/07\/miladin-milanovic-1-svilajnac-g.j.-768x544.jpg 768w, https:\/\/centralmedia.rs\/wp-content\/uploads\/2016\/07\/miladin-milanovic-1-svilajnac-g.j.-100x70.jpg 100w\" sizes=\"(max-width: 760px) 100vw, 760px\" \/><\/a>\n\t\t\t<\/div><\/figure><figure class='gallery-item'>\n\t\t\t<div class='gallery-icon landscape'>\n\t\t\t\t<a href='https:\/\/centralmedia.rs\/index.php\/2016\/07\/29\/rekorder-u-davalastvu-krvi-miladin-milanovic-za-65-godina-65-put-dao-krv\/miladin-milanovic-svilajnac-g-j\/'><img loading=\"lazy\" decoding=\"async\" width=\"760\" height=\"570\" src=\"https:\/\/centralmedia.rs\/wp-content\/uploads\/2016\/07\/miladin-milanovic-svilajnac-g.j..jpg\" class=\"attachment-large size-large\" alt=\"\" srcset=\"https:\/\/centralmedia.rs\/wp-content\/uploads\/2016\/07\/miladin-milanovic-svilajnac-g.j..jpg 900w, https:\/\/centralmedia.rs\/wp-content\/uploads\/2016\/07\/miladin-milanovic-svilajnac-g.j.-300x225.jpg 300w, https:\/\/centralmedia.rs\/wp-content\/uploads\/2016\/07\/miladin-milanovic-svilajnac-g.j.-768x576.jpg 768w, https:\/\/centralmedia.rs\/wp-content\/uploads\/2016\/07\/miladin-milanovic-svilajnac-g.j.-80x60.jpg 80w, https:\/\/centralmedia.rs\/wp-content\/uploads\/2016\/07\/miladin-milanovic-svilajnac-g.j.-265x198.jpg 265w\" sizes=\"(max-width: 760px) 100vw, 760px\" \/><\/a>\n\t\t\t<\/div><\/figure>\n\t\t<\/div>\n<br \/>\nOn ima nultu krvnu grupu, koja mo\u017ee svima da daje krv, ali prima samo od svoje grupe.<br \/>\n-Drugi put u toku velikog remonta organizujemo akciju dobrovoljnog davala\u0161tva krvi u saradnji sa Crvenim krstom. U martu je 33 radnika dalo krv, a potrudili smo se da danas organizujemo akciju jer Milanovi\u0107 daje 65. put za 65 godina. Posle ove akcije njega ispra\u0107amo u penziju, ka\u017ee direktorka TE Morava Marija Stevanovi\u0107 .<br \/>\nU toku ove akcije tridesetak energeti\u010dara dalo je krv.<\/p>\n<p><strong><em>Svilajna\u010dka razglednica \u2013 Projekat se realizuje uz pomo\u0107 sredstava iz bud\u017eeta Op\u0161tine Svilajnac.<\/em><\/strong><\/p>\n","protected":false},"excerpt":{"rendered":"<p>SVILAJNAC-Radnik TE Morava Miladin Milanovi\u0107 iz Svilajnca napunio je 65 godina \u017eivota i danas je 65. put dao krv. Po tome je on rekorder me\u0111u &hellip; <\/p>\n","protected":false},"author":4,"featured_media":3999,"comment_status":"open","ping_status":"open","sticky":false,"template":"","format":"standard","meta":{"footnotes":""},"categories":[14,1524,2,887,12,1517],"tags":[1061,1060,1059,38],"_links":{"self":[{"href":"https:\/\/centralmedia.rs\/index.php\/wp-json\/wp\/v2\/posts\/3998"}],"collection":[{"href":"https:\/\/centralmedia.rs\/index.php\/wp-json\/wp\/v2\/posts"}],"about":[{"href":"https:\/\/centralmedia.rs\/index.php\/wp-json\/wp\/v2\/types\/post"}],"author":[{"embeddable":true,"href":"https:\/\/centralmedia.rs\/index.php\/wp-json\/wp\/v2\/users\/4"}],"replies":[{"embeddable":true,"href":"https:\/\/centralmedia.rs\/index.php\/wp-json\/wp\/v2\/comments?post=3998"}],"version-history":[{"count":0,"href":"https:\/\/centralmedia.rs\/index.php\/wp-json\/wp\/v2\/posts\/3998\/revisions"}],"wp:featuredmedia":[{"embeddable":true,"href":"https:\/\/centralmedia.rs\/index.php\/wp-json\/wp\/v2\/media\/3999"}],"wp:attachment":[{"href":"https:\/\/centralmedia.rs\/index.php\/wp-json\/wp\/v2\/media?parent=3998"}],"wp:term":[{"taxonomy":"category","embeddable":true,"href":"https:\/\/centralmedia.rs\/index.php\/wp-json\/wp\/v2\/categories?post=3998"},{"taxonomy":"post_tag","embeddable":true,"href":"https:\/\/centralmedia.rs\/index.php\/wp-json\/wp\/v2\/tags?post=3998"}],"curies":[{"name":"wp","href":"https:\/\/api.w.org\/{rel}","templated":true}]}}