{"id":39997,"date":"2024-10-15T13:45:26","date_gmt":"2024-10-15T11:45:26","guid":{"rendered":"https:\/\/centralmedia.rs\/?p=39997"},"modified":"2024-10-15T13:45:27","modified_gmt":"2024-10-15T11:45:27","slug":"vesic-svilajnac-prvi-u-srbiji-resava-pitanje-kanalizacije","status":"publish","type":"post","link":"https:\/\/centralmedia.rs\/index.php\/2024\/10\/15\/vesic-svilajnac-prvi-u-srbiji-resava-pitanje-kanalizacije\/","title":{"rendered":"VESI\u0106: SVILAJNAC PRVI U SRBIJI RE\u0160AVA PITANJE KANALIZACIJE"},"content":{"rendered":"\n<p>Ministar za infrastrukturu Goran Vesi\u0107 najavio je danas&nbsp; da \u0107e Svilajnac biti me\u0111u prvim op\u0161tinama u Srbiji koje \u0107e imati vi\u0161e od 70 odsto doma\u0107instava na kanalizacionoj mre\u017ei, \u0161to je evropski prosek,a dr\u017eava ula\u017ee 56 miliona evra. On je sa Irenom Vujovi\u0107 potpredsednicom Vlade Srbije i ministarkom za\u0161tite \u017eivotne sredine obi\u0161ao radove u Ku\u0161iljevu kod Svilajnca<\/p>\n\n\n\n<figure class=\"wp-block-gallery has-nested-images columns-default is-cropped wp-block-gallery-1 is-layout-flex wp-block-gallery-is-layout-flex\">\n<figure class=\"wp-block-image size-large\"><img loading=\"lazy\" decoding=\"async\" width=\"1024\" height=\"498\" data-id=\"39999\" src=\"https:\/\/centralmedia.rs\/wp-content\/uploads\/2024\/10\/vesic-i-vujovic-1024x498.jpg\" alt=\"\" class=\"wp-image-39999\" srcset=\"https:\/\/centralmedia.rs\/wp-content\/uploads\/2024\/10\/vesic-i-vujovic-1024x498.jpg 1024w, https:\/\/centralmedia.rs\/wp-content\/uploads\/2024\/10\/vesic-i-vujovic-300x146.jpg 300w, https:\/\/centralmedia.rs\/wp-content\/uploads\/2024\/10\/vesic-i-vujovic-768x373.jpg 768w, https:\/\/centralmedia.rs\/wp-content\/uploads\/2024\/10\/vesic-i-vujovic-1536x747.jpg 1536w, https:\/\/centralmedia.rs\/wp-content\/uploads\/2024\/10\/vesic-i-vujovic.jpg 1800w\" sizes=\"(max-width: 1024px) 100vw, 1024px\" \/><\/figure>\n\n\n\n<figure class=\"wp-block-image size-large\"><img loading=\"lazy\" decoding=\"async\" width=\"1024\" height=\"498\" data-id=\"40000\" src=\"https:\/\/centralmedia.rs\/wp-content\/uploads\/2024\/10\/vesic-i-vujovic1-1024x498.jpg\" alt=\"\" class=\"wp-image-40000\" srcset=\"https:\/\/centralmedia.rs\/wp-content\/uploads\/2024\/10\/vesic-i-vujovic1-1024x498.jpg 1024w, https:\/\/centralmedia.rs\/wp-content\/uploads\/2024\/10\/vesic-i-vujovic1-300x146.jpg 300w, https:\/\/centralmedia.rs\/wp-content\/uploads\/2024\/10\/vesic-i-vujovic1-768x373.jpg 768w, https:\/\/centralmedia.rs\/wp-content\/uploads\/2024\/10\/vesic-i-vujovic1-1536x747.jpg 1536w, https:\/\/centralmedia.rs\/wp-content\/uploads\/2024\/10\/vesic-i-vujovic1.jpg 1800w\" sizes=\"(max-width: 1024px) 100vw, 1024px\" \/><\/figure>\n\n\n\n<figure class=\"wp-block-image size-large\"><img loading=\"lazy\" decoding=\"async\" width=\"1024\" height=\"498\" data-id=\"40001\" src=\"https:\/\/centralmedia.rs\/wp-content\/uploads\/2024\/10\/vesic-i-vujovic2-1024x498.jpg\" alt=\"\" class=\"wp-image-40001\" srcset=\"https:\/\/centralmedia.rs\/wp-content\/uploads\/2024\/10\/vesic-i-vujovic2-1024x498.jpg 1024w, https:\/\/centralmedia.rs\/wp-content\/uploads\/2024\/10\/vesic-i-vujovic2-300x146.jpg 300w, https:\/\/centralmedia.rs\/wp-content\/uploads\/2024\/10\/vesic-i-vujovic2-768x373.jpg 768w, https:\/\/centralmedia.rs\/wp-content\/uploads\/2024\/10\/vesic-i-vujovic2-1536x747.jpg 1536w, https:\/\/centralmedia.rs\/wp-content\/uploads\/2024\/10\/vesic-i-vujovic2.jpg 1800w\" sizes=\"(max-width: 1024px) 100vw, 1024px\" \/><\/figure>\n<\/figure>\n\n\n\n<p>-Zavr\u0161avamo prvih 70 kilometara kanalizacije do novembra jer smo ve\u0107 na 66 kilometra. Ne zaboravite da su pro\u0161log novembra po\u010deli radovi. Vra\u0107amo puteve ne u pre\u0111a\u0161nje stanje, ve\u0107 gradimo potpuno nove, radimo individualne priklju\u010dke \u0161to nije ra\u0111eno ranije. Na gra\u0111anima je samo da se priklju\u010de na kanalizaciju u zakonskom roku od godinu dana. U \u010detiri sela bi\u0107e oko 3.000 priklju\u010daka. Kada saberemo ovih 30 miliona evra koje ula\u017eemo u 70 kilometra i dodamo drugu fazu u Svilajncu, kao i postrojenje za pre\u010di\u0161\u0107avanje otpadnih voda. Ukupna ulaganja u Svilajnac bi\u0107e skoro 56 miliona evra i to su ulaganja iz bud\u017eeta Srbije. Tada \u0107e Svilajnac biti pokriven kanalizacionom mre\u017eom preko 70 odsto \u0161to je evropski prosek. Radovi na drugoj fazi po\u010dinju za mesec dana, a do prole\u0107a \u0107e biti ura\u0111eni putevi, najavio je Vesi\u0107.<\/p>\n\n\n\n<p>Irena Vujovi\u0107 je kazala da joj izuzetno va\u017eno da \u0161to ve\u0107i procenat gra\u0111ana ima kanalizaciju. Ona je precizirala da se u 15 lokalnih samouprava gradi kanalizacija, koja je preduslov za izgradnju postrojenja za preradu otpadnih voda. Za Svilajnac je najavila izgradnju postrojenja za 20 hiljada stanovnika i privredu. \u0160to se ti\u010de upravljanja komunalnim otpadom u toku je razrada planova za recikla\u017eno dvori\u0161e ili transfer stanice kako bi se otpad sakupljao i i\u0161ao u neku od regionalnih deponija &nbsp;&nbsp;&nbsp;&nbsp;&nbsp;&nbsp;<\/p>\n\n\n\n<p>Predsednik op\u0161tine Predrag Milanovi\u0107 zahvalio se ministrima jer ovaj nivo radova na infrastrukturi u Svilajncu nije obavljan u proteklih 70 godina. Izgradnja kanalizacije, novih ulica u &nbsp;selima Troponje, Subotica, Sedlare i Ku\u0161iljevo je ne\u0161to \u0161to nije vi\u0111eno do sada.<\/p>\n\n\n\n<p>&#8211; Od Ministarstva ekologije dobili smo novi kamion sme\u0107ar. U periodu od tri naredne godine Svilajnac i sela izgleda\u0107e bolje, nego \u0161to je to bilo u proteklih 70 godina, istakao je on. &nbsp;&nbsp;&nbsp;&nbsp;&nbsp;&nbsp;&nbsp;&nbsp;&nbsp;&nbsp;&nbsp;&nbsp;&nbsp;&nbsp;<\/p>\n\n\n\n<p>OBILAZNICA OKO SVILAJNCA<\/p>\n\n\n\n<p>&#8211; Projekat obilaznice oko Svilajnca je istorijski va\u017ean, projekat je zavr\u0161en, na\u0161ili smo investitore i trenutno poku\u0161avamo da na\u0111emo na\u010din za finansiranje projekta. Nadam se da \u0107u u narednom periodu objaviti da \u0107emo naredne godine krenuti sa izgradnjom obilaznice, koja ima veliku va\u017enost za transport roba i ljudi, nove investicije. Slede\u0107e godine po\u010dinje izgradnja brze pruge&nbsp; izme\u0111u Beograda i Ni\u0161a,&nbsp; iz Sviljnaca \u0107e putinici vozom dolaziti za 40 minuta do ta dva grada. Stara \u017eelezni\u010dka stanica bi\u0107e data op\u0161tini za muzej. U pet sela rade se de\u010dija igrali\u0161ta i ure\u0111uju centri sela, iznos projekta 1,1 milion evra, precizirao je Vesi\u0107<\/p>\n\n\n\n<p>-U Svilajnac se ula\u017eu zna\u010dajna sredstva jer Op\u0161tina radi projekte na vreme. Ako \u017eelite da dobijete novac, onda morate da imate projekte. Obi\u010dno kada dr\u017eava dobije novac Svilajnac ima spremne projekte i zato se toliko vi\u0161e radi u ovoj op\u0161tini nego u drugim i to treba da bude nauk drugim predsednicima op\u0161tina kako se radio posao, objasnio je on.<\/p>\n","protected":false},"excerpt":{"rendered":"<p>Ministar za infrastrukturu Goran Vesi\u0107 najavio je danas&nbsp; da \u0107e Svilajnac biti me\u0111u prvim op\u0161tinama u Srbiji koje \u0107e imati vi\u0161e od 70 odsto doma\u0107instava &hellip; <\/p>\n","protected":false},"author":2,"featured_media":39998,"comment_status":"closed","ping_status":"open","sticky":false,"template":"","format":"standard","meta":{"footnotes":""},"categories":[1524,2,13,12,1517],"tags":[6249,6698,6699,38],"_links":{"self":[{"href":"https:\/\/centralmedia.rs\/index.php\/wp-json\/wp\/v2\/posts\/39997"}],"collection":[{"href":"https:\/\/centralmedia.rs\/index.php\/wp-json\/wp\/v2\/posts"}],"about":[{"href":"https:\/\/centralmedia.rs\/index.php\/wp-json\/wp\/v2\/types\/post"}],"author":[{"embeddable":true,"href":"https:\/\/centralmedia.rs\/index.php\/wp-json\/wp\/v2\/users\/2"}],"replies":[{"embeddable":true,"href":"https:\/\/centralmedia.rs\/index.php\/wp-json\/wp\/v2\/comments?post=39997"}],"version-history":[{"count":1,"href":"https:\/\/centralmedia.rs\/index.php\/wp-json\/wp\/v2\/posts\/39997\/revisions"}],"predecessor-version":[{"id":40002,"href":"https:\/\/centralmedia.rs\/index.php\/wp-json\/wp\/v2\/posts\/39997\/revisions\/40002"}],"wp:featuredmedia":[{"embeddable":true,"href":"https:\/\/centralmedia.rs\/index.php\/wp-json\/wp\/v2\/media\/39998"}],"wp:attachment":[{"href":"https:\/\/centralmedia.rs\/index.php\/wp-json\/wp\/v2\/media?parent=39997"}],"wp:term":[{"taxonomy":"category","embeddable":true,"href":"https:\/\/centralmedia.rs\/index.php\/wp-json\/wp\/v2\/categories?post=39997"},{"taxonomy":"post_tag","embeddable":true,"href":"https:\/\/centralmedia.rs\/index.php\/wp-json\/wp\/v2\/tags?post=39997"}],"curies":[{"name":"wp","href":"https:\/\/api.w.org\/{rel}","templated":true}]}}