{"id":40011,"date":"2024-10-17T16:40:15","date_gmt":"2024-10-17T14:40:15","guid":{"rendered":"https:\/\/centralmedia.rs\/?p=40011"},"modified":"2024-10-17T16:40:16","modified_gmt":"2024-10-17T14:40:16","slug":"most-za-pod-stranu-otvoren-za-saobracaj","status":"publish","type":"post","link":"https:\/\/centralmedia.rs\/index.php\/2024\/10\/17\/most-za-pod-stranu-otvoren-za-saobracaj\/","title":{"rendered":"MOST ZA POD STRANU OTVOREN ZA SAOBRA\u0106AJ"},"content":{"rendered":"\n<p>Danas je otvoren za saobra\u0107aj novi most preko reke Resave, koji spaja Despotovac sa naseljem Pod Strana. Tehni\u010dkom prijemu su prisustvovali pomo\u0107nik direktora JP \u201ePutevi Srbije\u201c, Milorad Kari\u0107, predsednik Op\u0161tine Despotovac, dr Zlatko Marjanovi\u0107 sa saradnicima, kao i predsednik Skup\u0161tine op\u0161tine Despotovac, Nikola Nikoli\u0107.<\/p>\n\n\n\n<figure class=\"wp-block-gallery has-nested-images columns-default is-cropped wp-block-gallery-1 is-layout-flex wp-block-gallery-is-layout-flex\">\n<figure class=\"wp-block-image size-large\"><img loading=\"lazy\" decoding=\"async\" width=\"1024\" height=\"668\" data-id=\"40013\" src=\"https:\/\/centralmedia.rs\/wp-content\/uploads\/2024\/10\/most-1024x668.jpg\" alt=\"\" class=\"wp-image-40013\" srcset=\"https:\/\/centralmedia.rs\/wp-content\/uploads\/2024\/10\/most-1024x668.jpg 1024w, https:\/\/centralmedia.rs\/wp-content\/uploads\/2024\/10\/most-300x196.jpg 300w, https:\/\/centralmedia.rs\/wp-content\/uploads\/2024\/10\/most-768x501.jpg 768w, https:\/\/centralmedia.rs\/wp-content\/uploads\/2024\/10\/most-1536x1002.jpg 1536w, https:\/\/centralmedia.rs\/wp-content\/uploads\/2024\/10\/most.jpg 2048w\" sizes=\"(max-width: 1024px) 100vw, 1024px\" \/><\/figure>\n\n\n\n<figure class=\"wp-block-image size-large\"><img loading=\"lazy\" decoding=\"async\" width=\"1024\" height=\"684\" data-id=\"40014\" src=\"https:\/\/centralmedia.rs\/wp-content\/uploads\/2024\/10\/most1-1024x684.jpg\" alt=\"\" class=\"wp-image-40014\" srcset=\"https:\/\/centralmedia.rs\/wp-content\/uploads\/2024\/10\/most1-1024x684.jpg 1024w, https:\/\/centralmedia.rs\/wp-content\/uploads\/2024\/10\/most1-300x200.jpg 300w, https:\/\/centralmedia.rs\/wp-content\/uploads\/2024\/10\/most1-768x513.jpg 768w, https:\/\/centralmedia.rs\/wp-content\/uploads\/2024\/10\/most1-1536x1025.jpg 1536w, https:\/\/centralmedia.rs\/wp-content\/uploads\/2024\/10\/most1-600x400.jpg 600w, https:\/\/centralmedia.rs\/wp-content\/uploads\/2024\/10\/most1.jpg 2048w\" sizes=\"(max-width: 1024px) 100vw, 1024px\" \/><\/figure>\n\n\n\n<figure class=\"wp-block-image size-large\"><img loading=\"lazy\" decoding=\"async\" width=\"1024\" height=\"684\" data-id=\"40015\" src=\"https:\/\/centralmedia.rs\/wp-content\/uploads\/2024\/10\/most2-1024x684.jpg\" alt=\"\" class=\"wp-image-40015\" srcset=\"https:\/\/centralmedia.rs\/wp-content\/uploads\/2024\/10\/most2-1024x684.jpg 1024w, https:\/\/centralmedia.rs\/wp-content\/uploads\/2024\/10\/most2-300x200.jpg 300w, https:\/\/centralmedia.rs\/wp-content\/uploads\/2024\/10\/most2-768x513.jpg 768w, https:\/\/centralmedia.rs\/wp-content\/uploads\/2024\/10\/most2-1536x1025.jpg 1536w, https:\/\/centralmedia.rs\/wp-content\/uploads\/2024\/10\/most2-600x400.jpg 600w, https:\/\/centralmedia.rs\/wp-content\/uploads\/2024\/10\/most2.jpg 2048w\" sizes=\"(max-width: 1024px) 100vw, 1024px\" \/><\/figure>\n\n\n\n<figure class=\"wp-block-image size-large\"><img loading=\"lazy\" decoding=\"async\" width=\"1024\" height=\"684\" data-id=\"40016\" src=\"https:\/\/centralmedia.rs\/wp-content\/uploads\/2024\/10\/most3-1024x684.jpg\" alt=\"\" class=\"wp-image-40016\" srcset=\"https:\/\/centralmedia.rs\/wp-content\/uploads\/2024\/10\/most3-1024x684.jpg 1024w, https:\/\/centralmedia.rs\/wp-content\/uploads\/2024\/10\/most3-300x200.jpg 300w, https:\/\/centralmedia.rs\/wp-content\/uploads\/2024\/10\/most3-768x513.jpg 768w, https:\/\/centralmedia.rs\/wp-content\/uploads\/2024\/10\/most3-1536x1025.jpg 1536w, https:\/\/centralmedia.rs\/wp-content\/uploads\/2024\/10\/most3-600x400.jpg 600w, https:\/\/centralmedia.rs\/wp-content\/uploads\/2024\/10\/most3.jpg 2048w\" sizes=\"(max-width: 1024px) 100vw, 1024px\" \/><\/figure>\n<\/figure>\n\n\n\n<p>Predstavnici Instituta za puteve Srbije izvr\u0161ili su detaljnu kontrolu mosta i dali pozitivnu ocenu o njegovoj tehni\u010dkoj ispravnosti.<\/p>\n\n\n\n<p>U toku su jo\u0161, projektom predvi\u0111eni, radovi na ure\u0111enju korita reke Resave, ukupne povr\u0161ine od 2.400 m\u00b2, koji \u0107e dodatno doprineti za\u0161titi infrastrukture i pobolj\u0161anju ekolo\u0161kih uslova u okolini mosta.<\/p>\n","protected":false},"excerpt":{"rendered":"<p>Danas je otvoren za saobra\u0107aj novi most preko reke Resave, koji spaja Despotovac sa naseljem Pod Strana. Tehni\u010dkom prijemu su prisustvovali pomo\u0107nik direktora JP \u201ePutevi &hellip; <\/p>\n","protected":false},"author":2,"featured_media":40012,"comment_status":"closed","ping_status":"open","sticky":false,"template":"","format":"standard","meta":{"footnotes":""},"categories":[1518,1524,2,16,12],"tags":[51,469],"_links":{"self":[{"href":"https:\/\/centralmedia.rs\/index.php\/wp-json\/wp\/v2\/posts\/40011"}],"collection":[{"href":"https:\/\/centralmedia.rs\/index.php\/wp-json\/wp\/v2\/posts"}],"about":[{"href":"https:\/\/centralmedia.rs\/index.php\/wp-json\/wp\/v2\/types\/post"}],"author":[{"embeddable":true,"href":"https:\/\/centralmedia.rs\/index.php\/wp-json\/wp\/v2\/users\/2"}],"replies":[{"embeddable":true,"href":"https:\/\/centralmedia.rs\/index.php\/wp-json\/wp\/v2\/comments?post=40011"}],"version-history":[{"count":1,"href":"https:\/\/centralmedia.rs\/index.php\/wp-json\/wp\/v2\/posts\/40011\/revisions"}],"predecessor-version":[{"id":40017,"href":"https:\/\/centralmedia.rs\/index.php\/wp-json\/wp\/v2\/posts\/40011\/revisions\/40017"}],"wp:featuredmedia":[{"embeddable":true,"href":"https:\/\/centralmedia.rs\/index.php\/wp-json\/wp\/v2\/media\/40012"}],"wp:attachment":[{"href":"https:\/\/centralmedia.rs\/index.php\/wp-json\/wp\/v2\/media?parent=40011"}],"wp:term":[{"taxonomy":"category","embeddable":true,"href":"https:\/\/centralmedia.rs\/index.php\/wp-json\/wp\/v2\/categories?post=40011"},{"taxonomy":"post_tag","embeddable":true,"href":"https:\/\/centralmedia.rs\/index.php\/wp-json\/wp\/v2\/tags?post=40011"}],"curies":[{"name":"wp","href":"https:\/\/api.w.org\/{rel}","templated":true}]}}