{"id":4005,"date":"2016-07-29T17:03:39","date_gmt":"2016-07-29T17:03:39","guid":{"rendered":"http:\/\/centralmedia.rs\/?p=4005"},"modified":"2016-07-29T17:08:51","modified_gmt":"2016-07-29T17:08:51","slug":"opez-deo-fasade-sa-zgrade-suda-u-jagodini-pao-na-parkirani-automobil","status":"publish","type":"post","link":"https:\/\/centralmedia.rs\/index.php\/2016\/07\/29\/opez-deo-fasade-sa-zgrade-suda-u-jagodini-pao-na-parkirani-automobil\/","title":{"rendered":"OPEZ -DEO FASADE SA ZGRADE SUDA U JAGODINI PAO NA PARKIRANI AUTOMOBIL"},"content":{"rendered":"<p>JAGODINA-Deo krova i fasade danas je pao sa zgrade Osnovngo suda u ulici Kralja Petra u Jagodini i napravio o\u0161te\u0107enja na privatnom automobilu koji je bio parkiran na trotoaru, izve\u0161tavaju sa lica mesta \u010ditaoci Central media. <div id='gallery-1' class='gallery galleryid-4005 gallery-columns-3 gallery-size-large'><figure class='gallery-item'>\n\t\t\t<div class='gallery-icon landscape'>\n\t\t\t\t<a href='https:\/\/centralmedia.rs\/index.php\/2016\/07\/29\/opez-deo-fasade-sa-zgrade-suda-u-jagodini-pao-na-parkirani-automobil\/fasada-osnovnog-suda-7-jagodina-g-j\/'><img loading=\"lazy\" decoding=\"async\" width=\"760\" height=\"428\" src=\"https:\/\/centralmedia.rs\/wp-content\/uploads\/2016\/07\/fasada-osnovnog-suda-7-jagodina-g.j..jpg\" class=\"attachment-large size-large\" alt=\"\" srcset=\"https:\/\/centralmedia.rs\/wp-content\/uploads\/2016\/07\/fasada-osnovnog-suda-7-jagodina-g.j..jpg 960w, https:\/\/centralmedia.rs\/wp-content\/uploads\/2016\/07\/fasada-osnovnog-suda-7-jagodina-g.j.-300x169.jpg 300w, https:\/\/centralmedia.rs\/wp-content\/uploads\/2016\/07\/fasada-osnovnog-suda-7-jagodina-g.j.-768x432.jpg 768w\" sizes=\"(max-width: 760px) 100vw, 760px\" \/><\/a>\n\t\t\t<\/div><\/figure><figure class='gallery-item'>\n\t\t\t<div class='gallery-icon portrait'>\n\t\t\t\t<a href='https:\/\/centralmedia.rs\/index.php\/2016\/07\/29\/opez-deo-fasade-sa-zgrade-suda-u-jagodini-pao-na-parkirani-automobil\/fasada-osnovnog-suda-6-jagodina-g-j\/'><img loading=\"lazy\" decoding=\"async\" width=\"540\" height=\"960\" src=\"https:\/\/centralmedia.rs\/wp-content\/uploads\/2016\/07\/fasada-osnovnog-suda-6-jagodina-g.j..jpg\" class=\"attachment-large size-large\" alt=\"\" srcset=\"https:\/\/centralmedia.rs\/wp-content\/uploads\/2016\/07\/fasada-osnovnog-suda-6-jagodina-g.j..jpg 540w, https:\/\/centralmedia.rs\/wp-content\/uploads\/2016\/07\/fasada-osnovnog-suda-6-jagodina-g.j.-169x300.jpg 169w\" sizes=\"(max-width: 540px) 100vw, 540px\" \/><\/a>\n\t\t\t<\/div><\/figure><figure class='gallery-item'>\n\t\t\t<div class='gallery-icon portrait'>\n\t\t\t\t<a href='https:\/\/centralmedia.rs\/index.php\/2016\/07\/29\/opez-deo-fasade-sa-zgrade-suda-u-jagodini-pao-na-parkirani-automobil\/fasada-osnovnog-suda-5-jagodina-g-j\/'><img loading=\"lazy\" decoding=\"async\" width=\"540\" height=\"960\" src=\"https:\/\/centralmedia.rs\/wp-content\/uploads\/2016\/07\/fasada-osnovnog-suda-5-jagodina-g.j..jpg\" class=\"attachment-large size-large\" alt=\"\" srcset=\"https:\/\/centralmedia.rs\/wp-content\/uploads\/2016\/07\/fasada-osnovnog-suda-5-jagodina-g.j..jpg 540w, https:\/\/centralmedia.rs\/wp-content\/uploads\/2016\/07\/fasada-osnovnog-suda-5-jagodina-g.j.-169x300.jpg 169w\" sizes=\"(max-width: 540px) 100vw, 540px\" \/><\/a>\n\t\t\t<\/div><\/figure>\n\t\t<\/div>\nTo se dogodilo oko 13 sati, a uvi\u0111aj su izvr\u0161ili pripadnici saobra\u0107ajne policije, kao i komunalne i gra\u0111evinske inspekcije. <div id='gallery-2' class='gallery galleryid-4005 gallery-columns-3 gallery-size-large'><figure class='gallery-item'>\n\t\t\t<div class='gallery-icon portrait'>\n\t\t\t\t<a href='https:\/\/centralmedia.rs\/index.php\/2016\/07\/29\/opez-deo-fasade-sa-zgrade-suda-u-jagodini-pao-na-parkirani-automobil\/fasada-osnovnog-suda-2-jagodina-g-j\/'><img loading=\"lazy\" decoding=\"async\" width=\"540\" height=\"960\" src=\"https:\/\/centralmedia.rs\/wp-content\/uploads\/2016\/07\/fasada-osnovnog-suda-2-jagodina-g.j..jpg\" class=\"attachment-large size-large\" alt=\"\" srcset=\"https:\/\/centralmedia.rs\/wp-content\/uploads\/2016\/07\/fasada-osnovnog-suda-2-jagodina-g.j..jpg 540w, https:\/\/centralmedia.rs\/wp-content\/uploads\/2016\/07\/fasada-osnovnog-suda-2-jagodina-g.j.-169x300.jpg 169w\" sizes=\"(max-width: 540px) 100vw, 540px\" \/><\/a>\n\t\t\t<\/div><\/figure><figure class='gallery-item'>\n\t\t\t<div class='gallery-icon portrait'>\n\t\t\t\t<a href='https:\/\/centralmedia.rs\/index.php\/2016\/07\/29\/opez-deo-fasade-sa-zgrade-suda-u-jagodini-pao-na-parkirani-automobil\/fasada-osnovnog-suda-3-jagodina-g-j\/'><img loading=\"lazy\" decoding=\"async\" width=\"540\" height=\"960\" src=\"https:\/\/centralmedia.rs\/wp-content\/uploads\/2016\/07\/fasada-osnovnog-suda-3-jagodina-g.j..jpg\" class=\"attachment-large size-large\" alt=\"\" srcset=\"https:\/\/centralmedia.rs\/wp-content\/uploads\/2016\/07\/fasada-osnovnog-suda-3-jagodina-g.j..jpg 540w, https:\/\/centralmedia.rs\/wp-content\/uploads\/2016\/07\/fasada-osnovnog-suda-3-jagodina-g.j.-169x300.jpg 169w\" sizes=\"(max-width: 540px) 100vw, 540px\" \/><\/a>\n\t\t\t<\/div><\/figure><figure class='gallery-item'>\n\t\t\t<div class='gallery-icon portrait'>\n\t\t\t\t<a href='https:\/\/centralmedia.rs\/index.php\/2016\/07\/29\/opez-deo-fasade-sa-zgrade-suda-u-jagodini-pao-na-parkirani-automobil\/fasada-osnovnog-suda-4-jagodina-g-j\/'><img loading=\"lazy\" decoding=\"async\" width=\"540\" height=\"960\" src=\"https:\/\/centralmedia.rs\/wp-content\/uploads\/2016\/07\/fasada-osnovnog-suda-4-jagodina-g.j..jpg\" class=\"attachment-large size-large\" alt=\"\" srcset=\"https:\/\/centralmedia.rs\/wp-content\/uploads\/2016\/07\/fasada-osnovnog-suda-4-jagodina-g.j..jpg 540w, https:\/\/centralmedia.rs\/wp-content\/uploads\/2016\/07\/fasada-osnovnog-suda-4-jagodina-g.j.-169x300.jpg 169w\" sizes=\"(max-width: 540px) 100vw, 540px\" \/><\/a>\n\t\t\t<\/div><\/figure>\n\t\t<\/div>\nOni su sa\u010dinili zapisnike i oti\u0161li, ali prostor gde je pao deo fasade nije obezbe\u0111en i nije jasno da li i dalje postoji opasnost za gra\u0111ane ili je to bila slu\u010dajnost. <\/p>\n","protected":false},"excerpt":{"rendered":"<p>JAGODINA-Deo krova i fasade danas je pao sa zgrade Osnovngo suda u ulici Kralja Petra u Jagodini i napravio o\u0161te\u0107enja na privatnom automobilu koji je &hellip; <\/p>\n","protected":false},"author":4,"featured_media":4006,"comment_status":"open","ping_status":"open","sticky":false,"template":"","format":"standard","meta":{"footnotes":""},"categories":[2,16,12],"tags":[1062,58,410],"_links":{"self":[{"href":"https:\/\/centralmedia.rs\/index.php\/wp-json\/wp\/v2\/posts\/4005"}],"collection":[{"href":"https:\/\/centralmedia.rs\/index.php\/wp-json\/wp\/v2\/posts"}],"about":[{"href":"https:\/\/centralmedia.rs\/index.php\/wp-json\/wp\/v2\/types\/post"}],"author":[{"embeddable":true,"href":"https:\/\/centralmedia.rs\/index.php\/wp-json\/wp\/v2\/users\/4"}],"replies":[{"embeddable":true,"href":"https:\/\/centralmedia.rs\/index.php\/wp-json\/wp\/v2\/comments?post=4005"}],"version-history":[{"count":0,"href":"https:\/\/centralmedia.rs\/index.php\/wp-json\/wp\/v2\/posts\/4005\/revisions"}],"wp:featuredmedia":[{"embeddable":true,"href":"https:\/\/centralmedia.rs\/index.php\/wp-json\/wp\/v2\/media\/4006"}],"wp:attachment":[{"href":"https:\/\/centralmedia.rs\/index.php\/wp-json\/wp\/v2\/media?parent=4005"}],"wp:term":[{"taxonomy":"category","embeddable":true,"href":"https:\/\/centralmedia.rs\/index.php\/wp-json\/wp\/v2\/categories?post=4005"},{"taxonomy":"post_tag","embeddable":true,"href":"https:\/\/centralmedia.rs\/index.php\/wp-json\/wp\/v2\/tags?post=4005"}],"curies":[{"name":"wp","href":"https:\/\/api.w.org\/{rel}","templated":true}]}}