{"id":40154,"date":"2024-10-28T19:59:16","date_gmt":"2024-10-28T18:59:16","guid":{"rendered":"https:\/\/centralmedia.rs\/?p=40154"},"modified":"2024-10-28T19:59:16","modified_gmt":"2024-10-28T18:59:16","slug":"proslava-novogodisnjih-praznika-na-kraljevom-trgu","status":"publish","type":"post","link":"https:\/\/centralmedia.rs\/index.php\/2024\/10\/28\/proslava-novogodisnjih-praznika-na-kraljevom-trgu\/","title":{"rendered":"Proslava novogodi\u0161njih praznika na Kraljevom trgu"},"content":{"rendered":"\n<p>Kao i svake godine, Op\u0161tina \u010cajetina i Turisti\u010dka organizacija Zlatibor sa posebnom pa\u017enjom pripremaju tradicionalni do\u010dek Nove godine za svoje posetioce, koji \u0107e se odr\u017eati na Kraljevom trgu. Ove godine, prazni\u010dni program po\u010dinje ranije i bi\u0107e bogatiji nego ikad.<\/p>\n\n\n\n<p>Novogodi\u0161nju no\u0107 uveli\u010da\u0107e koncert Pe\u0111e Jovanovi\u0107a, koji po\u010dinje u 21 \u010das, dok \u0107e ta\u010dno u pono\u0107, u no\u0107i do\u010deka, biti prire\u0111en spektakularni vatromet, uz koncert truba\u010dkog orkestra Dejana Jev\u0111i\u0107a. Za ljubitelje prazni\u010dnih proslava, tu je i tradicionalna repriza do\u010deka, 1. januara, koju \u0107e obele\u017eiti nastup Vlade Georgieva, tako\u0111e od 21 \u010das.<\/p>\n\n\n\n<p>Stvaranju prazni\u010dne \u010darolije i nezaboravnog do\u017eivljaja zime na najpose\u0107enijoj planini Srbije doprine\u0107e manifestacija &#8220;Zlatiborska bo\u017ei\u0107na bajka&#8221; koja \u0107e biti odr\u017eana od 21. decembra 2024. do 15. januara 2025. godine na Kraljevom trgu, svakodnevno od 17 do 21 \u010das.<\/p>\n\n\n\n<p>Zabava je zagarantovana i u petak, 27. decembra, kada \u0107e biti organizovana dodela novogodi\u0161njih paketi\u0107a za svu decu sa teritorije op\u0161tine \u010cajetina &#8211; zaklju\u010dno sa \u010detvrtim razredom osnovnih \u0161kola. Najmla\u0111i \u0107e imati priliku da u\u017eivaju u veseloj novogodi\u0161njoj atmosferi i zabavnom programu.<\/p>\n\n\n\n<p>Pored do\u010deka na otvorenom, zlatiborski hoteli i restorani pripremaju veoma bogatu prazni\u010dnu ponudu, tako da sve koji budu boravili na \u201czlatnoj planini\u201d tokom novogodi\u0161njih dana o\u010dekuje odli\u010dan provod. Poznata imena doma\u0107e muzi\u010dke scene, prazni\u010dna \u010darolija i magi\u010dna atmosfera Zlatibora garantuju jo\u0161 jednu Novu godinu za pam\u0107enje.<\/p>\n","protected":false},"excerpt":{"rendered":"<p>Kao i svake godine, Op\u0161tina \u010cajetina i Turisti\u010dka organizacija Zlatibor sa posebnom pa\u017enjom pripremaju tradicionalni do\u010dek Nove godine za svoje posetioce, koji \u0107e se odr\u017eati &hellip; <\/p>\n","protected":false},"author":1,"featured_media":40155,"comment_status":"closed","ping_status":"open","sticky":false,"template":"","format":"standard","meta":{"footnotes":""},"categories":[2875,1524,2,23,3055],"tags":[355,2876],"_links":{"self":[{"href":"https:\/\/centralmedia.rs\/index.php\/wp-json\/wp\/v2\/posts\/40154"}],"collection":[{"href":"https:\/\/centralmedia.rs\/index.php\/wp-json\/wp\/v2\/posts"}],"about":[{"href":"https:\/\/centralmedia.rs\/index.php\/wp-json\/wp\/v2\/types\/post"}],"author":[{"embeddable":true,"href":"https:\/\/centralmedia.rs\/index.php\/wp-json\/wp\/v2\/users\/1"}],"replies":[{"embeddable":true,"href":"https:\/\/centralmedia.rs\/index.php\/wp-json\/wp\/v2\/comments?post=40154"}],"version-history":[{"count":1,"href":"https:\/\/centralmedia.rs\/index.php\/wp-json\/wp\/v2\/posts\/40154\/revisions"}],"predecessor-version":[{"id":40156,"href":"https:\/\/centralmedia.rs\/index.php\/wp-json\/wp\/v2\/posts\/40154\/revisions\/40156"}],"wp:featuredmedia":[{"embeddable":true,"href":"https:\/\/centralmedia.rs\/index.php\/wp-json\/wp\/v2\/media\/40155"}],"wp:attachment":[{"href":"https:\/\/centralmedia.rs\/index.php\/wp-json\/wp\/v2\/media?parent=40154"}],"wp:term":[{"taxonomy":"category","embeddable":true,"href":"https:\/\/centralmedia.rs\/index.php\/wp-json\/wp\/v2\/categories?post=40154"},{"taxonomy":"post_tag","embeddable":true,"href":"https:\/\/centralmedia.rs\/index.php\/wp-json\/wp\/v2\/tags?post=40154"}],"curies":[{"name":"wp","href":"https:\/\/api.w.org\/{rel}","templated":true}]}}