{"id":40195,"date":"2024-10-31T20:01:54","date_gmt":"2024-10-31T19:01:54","guid":{"rendered":"https:\/\/centralmedia.rs\/?p=40195"},"modified":"2024-10-31T20:01:55","modified_gmt":"2024-10-31T19:01:55","slug":"penzioneri-u-ohridu","status":"publish","type":"post","link":"https:\/\/centralmedia.rs\/index.php\/2024\/10\/31\/penzioneri-u-ohridu\/","title":{"rendered":"PENZIONERI U OHRIDU"},"content":{"rendered":"\n<p>Vi\u0161e od 400 svilajna\u010dkih penzionera posetili su Ohrid u Severnoj Makedoniji, u organizaciji Korisni\u010dkog centra, a pod pokroviteljstvom Op\u0161tine. Re\u010d je dvodnevnom besplatnom izletu.<\/p>\n\n\n\n<figure class=\"wp-block-image size-large\"><img loading=\"lazy\" decoding=\"async\" width=\"1024\" height=\"1024\" src=\"http:\/\/centralmedia.rs\/wp-content\/uploads\/2024\/10\/ohrid2-1024x1024.jpg\" alt=\"\" class=\"wp-image-40196\" srcset=\"https:\/\/centralmedia.rs\/wp-content\/uploads\/2024\/10\/ohrid2-1024x1024.jpg 1024w, https:\/\/centralmedia.rs\/wp-content\/uploads\/2024\/10\/ohrid2-300x300.jpg 300w, https:\/\/centralmedia.rs\/wp-content\/uploads\/2024\/10\/ohrid2-150x150.jpg 150w, https:\/\/centralmedia.rs\/wp-content\/uploads\/2024\/10\/ohrid2-768x768.jpg 768w, https:\/\/centralmedia.rs\/wp-content\/uploads\/2024\/10\/ohrid2.jpg 1440w\" sizes=\"(max-width: 1024px) 100vw, 1024px\" \/><\/figure>\n\n\n\n<figure class=\"wp-block-gallery has-nested-images columns-default is-cropped wp-block-gallery-1 is-layout-flex wp-block-gallery-is-layout-flex\">\n<figure class=\"wp-block-image size-large\"><img loading=\"lazy\" decoding=\"async\" width=\"1024\" height=\"1024\" data-id=\"40197\" src=\"https:\/\/centralmedia.rs\/wp-content\/uploads\/2024\/10\/ohrid3-1024x1024.jpg\" alt=\"\" class=\"wp-image-40197\" srcset=\"https:\/\/centralmedia.rs\/wp-content\/uploads\/2024\/10\/ohrid3-1024x1024.jpg 1024w, https:\/\/centralmedia.rs\/wp-content\/uploads\/2024\/10\/ohrid3-300x300.jpg 300w, https:\/\/centralmedia.rs\/wp-content\/uploads\/2024\/10\/ohrid3-150x150.jpg 150w, https:\/\/centralmedia.rs\/wp-content\/uploads\/2024\/10\/ohrid3-768x769.jpg 768w, https:\/\/centralmedia.rs\/wp-content\/uploads\/2024\/10\/ohrid3.jpg 1438w\" sizes=\"(max-width: 1024px) 100vw, 1024px\" \/><\/figure>\n\n\n\n<figure class=\"wp-block-image size-large\"><img loading=\"lazy\" decoding=\"async\" width=\"1024\" height=\"1024\" data-id=\"40198\" src=\"https:\/\/centralmedia.rs\/wp-content\/uploads\/2024\/10\/ohrid4-1024x1024.jpg\" alt=\"\" class=\"wp-image-40198\" srcset=\"https:\/\/centralmedia.rs\/wp-content\/uploads\/2024\/10\/ohrid4-1024x1024.jpg 1024w, https:\/\/centralmedia.rs\/wp-content\/uploads\/2024\/10\/ohrid4-300x300.jpg 300w, https:\/\/centralmedia.rs\/wp-content\/uploads\/2024\/10\/ohrid4-150x150.jpg 150w, https:\/\/centralmedia.rs\/wp-content\/uploads\/2024\/10\/ohrid4-768x769.jpg 768w, https:\/\/centralmedia.rs\/wp-content\/uploads\/2024\/10\/ohrid4.jpg 1438w\" sizes=\"(max-width: 1024px) 100vw, 1024px\" \/><\/figure>\n\n\n\n<figure class=\"wp-block-image size-large\"><img loading=\"lazy\" decoding=\"async\" width=\"1024\" height=\"1024\" data-id=\"40200\" src=\"https:\/\/centralmedia.rs\/wp-content\/uploads\/2024\/10\/ohrid5-1024x1024.jpg\" alt=\"\" class=\"wp-image-40200\" srcset=\"https:\/\/centralmedia.rs\/wp-content\/uploads\/2024\/10\/ohrid5-1024x1024.jpg 1024w, https:\/\/centralmedia.rs\/wp-content\/uploads\/2024\/10\/ohrid5-300x300.jpg 300w, https:\/\/centralmedia.rs\/wp-content\/uploads\/2024\/10\/ohrid5-150x150.jpg 150w, https:\/\/centralmedia.rs\/wp-content\/uploads\/2024\/10\/ohrid5-768x768.jpg 768w, https:\/\/centralmedia.rs\/wp-content\/uploads\/2024\/10\/ohrid5.jpg 1440w\" sizes=\"(max-width: 1024px) 100vw, 1024px\" \/><\/figure>\n\n\n\n<figure class=\"wp-block-image size-large\"><img loading=\"lazy\" decoding=\"async\" width=\"1024\" height=\"1024\" data-id=\"40202\" src=\"https:\/\/centralmedia.rs\/wp-content\/uploads\/2024\/10\/ohrid6-1024x1024.jpg\" alt=\"\" class=\"wp-image-40202\" srcset=\"https:\/\/centralmedia.rs\/wp-content\/uploads\/2024\/10\/ohrid6-1024x1024.jpg 1024w, https:\/\/centralmedia.rs\/wp-content\/uploads\/2024\/10\/ohrid6-300x300.jpg 300w, https:\/\/centralmedia.rs\/wp-content\/uploads\/2024\/10\/ohrid6-150x150.jpg 150w, https:\/\/centralmedia.rs\/wp-content\/uploads\/2024\/10\/ohrid6-768x768.jpg 768w, https:\/\/centralmedia.rs\/wp-content\/uploads\/2024\/10\/ohrid6.jpg 1440w\" sizes=\"(max-width: 1024px) 100vw, 1024px\" \/><\/figure>\n\n\n\n<figure class=\"wp-block-image size-large\"><img loading=\"lazy\" decoding=\"async\" width=\"1024\" height=\"1024\" data-id=\"40201\" src=\"https:\/\/centralmedia.rs\/wp-content\/uploads\/2024\/10\/ohrid7-1024x1024.jpg\" alt=\"\" class=\"wp-image-40201\" srcset=\"https:\/\/centralmedia.rs\/wp-content\/uploads\/2024\/10\/ohrid7-1024x1024.jpg 1024w, https:\/\/centralmedia.rs\/wp-content\/uploads\/2024\/10\/ohrid7-300x300.jpg 300w, https:\/\/centralmedia.rs\/wp-content\/uploads\/2024\/10\/ohrid7-150x150.jpg 150w, https:\/\/centralmedia.rs\/wp-content\/uploads\/2024\/10\/ohrid7-768x768.jpg 768w, https:\/\/centralmedia.rs\/wp-content\/uploads\/2024\/10\/ohrid7.jpg 1440w\" sizes=\"(max-width: 1024px) 100vw, 1024px\" \/><\/figure>\n\n\n\n<figure class=\"wp-block-image size-large\"><img loading=\"lazy\" decoding=\"async\" width=\"1024\" height=\"1024\" data-id=\"40199\" src=\"https:\/\/centralmedia.rs\/wp-content\/uploads\/2024\/10\/ohrid8-1024x1024.jpg\" alt=\"\" class=\"wp-image-40199\" srcset=\"https:\/\/centralmedia.rs\/wp-content\/uploads\/2024\/10\/ohrid8-1024x1024.jpg 1024w, https:\/\/centralmedia.rs\/wp-content\/uploads\/2024\/10\/ohrid8-300x300.jpg 300w, https:\/\/centralmedia.rs\/wp-content\/uploads\/2024\/10\/ohrid8-150x150.jpg 150w, https:\/\/centralmedia.rs\/wp-content\/uploads\/2024\/10\/ohrid8-768x768.jpg 768w, https:\/\/centralmedia.rs\/wp-content\/uploads\/2024\/10\/ohrid8.jpg 1440w\" sizes=\"(max-width: 1024px) 100vw, 1024px\" \/><\/figure>\n<\/figure>\n\n\n\n<p>Oni su obi\u0161li su stari deo Ohrida, manastir Sveti Naum, u\u017eivali u zajedni\u010dkim dru\u017eenjima<\/p>\n","protected":false},"excerpt":{"rendered":"<p>Vi\u0161e od 400 svilajna\u010dkih penzionera posetili su Ohrid u Severnoj Makedoniji, u organizaciji Korisni\u010dkog centra, a pod pokroviteljstvom Op\u0161tine. Re\u010d je dvodnevnom besplatnom izletu. Oni &hellip; <\/p>\n","protected":false},"author":2,"featured_media":40196,"comment_status":"closed","ping_status":"open","sticky":false,"template":"","format":"standard","meta":{"footnotes":""},"categories":[14,1524,2,887,12,1517,5785],"tags":[2270,728,6726],"_links":{"self":[{"href":"https:\/\/centralmedia.rs\/index.php\/wp-json\/wp\/v2\/posts\/40195"}],"collection":[{"href":"https:\/\/centralmedia.rs\/index.php\/wp-json\/wp\/v2\/posts"}],"about":[{"href":"https:\/\/centralmedia.rs\/index.php\/wp-json\/wp\/v2\/types\/post"}],"author":[{"embeddable":true,"href":"https:\/\/centralmedia.rs\/index.php\/wp-json\/wp\/v2\/users\/2"}],"replies":[{"embeddable":true,"href":"https:\/\/centralmedia.rs\/index.php\/wp-json\/wp\/v2\/comments?post=40195"}],"version-history":[{"count":1,"href":"https:\/\/centralmedia.rs\/index.php\/wp-json\/wp\/v2\/posts\/40195\/revisions"}],"predecessor-version":[{"id":40203,"href":"https:\/\/centralmedia.rs\/index.php\/wp-json\/wp\/v2\/posts\/40195\/revisions\/40203"}],"wp:featuredmedia":[{"embeddable":true,"href":"https:\/\/centralmedia.rs\/index.php\/wp-json\/wp\/v2\/media\/40196"}],"wp:attachment":[{"href":"https:\/\/centralmedia.rs\/index.php\/wp-json\/wp\/v2\/media?parent=40195"}],"wp:term":[{"taxonomy":"category","embeddable":true,"href":"https:\/\/centralmedia.rs\/index.php\/wp-json\/wp\/v2\/categories?post=40195"},{"taxonomy":"post_tag","embeddable":true,"href":"https:\/\/centralmedia.rs\/index.php\/wp-json\/wp\/v2\/tags?post=40195"}],"curies":[{"name":"wp","href":"https:\/\/api.w.org\/{rel}","templated":true}]}}