{"id":40272,"date":"2024-11-07T15:25:53","date_gmt":"2024-11-07T14:25:53","guid":{"rendered":"https:\/\/centralmedia.rs\/?p=40272"},"modified":"2024-11-07T15:25:54","modified_gmt":"2024-11-07T14:25:54","slug":"ambasador-srbije-u-austriji-posete-becu-kakve-organizuje-dragan-markovic-palma-ne-pravi-niko-na-svetu","status":"publish","type":"post","link":"https:\/\/centralmedia.rs\/index.php\/2024\/11\/07\/ambasador-srbije-u-austriji-posete-becu-kakve-organizuje-dragan-markovic-palma-ne-pravi-niko-na-svetu\/","title":{"rendered":"AMBASADOR SRBIJE U AUSTRIJI : \u201cPOSETE BE\u010cU, KAKVE ORGANIZUJE DRAGAN MARKOVI\u0106 PALMA, NE PRAVI NIKO NA SVETU\u201d"},"content":{"rendered":"\n<p>U Be\u010du je za \u010dlanove delegacije iz Srbije, na \u010dijem je \u010delu predsednik Jedinstvene Srbije i Skup\u0161tine grada Jagodine Dragan Markovi\u0107 Palma, organizovana druga sve\u010dana ve\u010dera. <\/p>\n\n\n\n<figure class=\"wp-block-image size-large\"><img loading=\"lazy\" decoding=\"async\" width=\"1024\" height=\"601\" src=\"https:\/\/centralmedia.rs\/wp-content\/uploads\/2024\/11\/palma-2-1024x601.jpg\" alt=\"\" class=\"wp-image-40275\" srcset=\"https:\/\/centralmedia.rs\/wp-content\/uploads\/2024\/11\/palma-2-1024x601.jpg 1024w, https:\/\/centralmedia.rs\/wp-content\/uploads\/2024\/11\/palma-2-300x176.jpg 300w, https:\/\/centralmedia.rs\/wp-content\/uploads\/2024\/11\/palma-2-768x451.jpg 768w, https:\/\/centralmedia.rs\/wp-content\/uploads\/2024\/11\/palma-2-1536x901.jpg 1536w, https:\/\/centralmedia.rs\/wp-content\/uploads\/2024\/11\/palma-2.jpg 1600w\" sizes=\"(max-width: 1024px) 100vw, 1024px\" \/><\/figure>\n\n\n\n<p>Prisutne studente, srednjo\u0161kolce, zdravstvene radnike i privrednike pozdravio je ambasador Srbije u Austriji Marko Blagojevi\u0107 koji je rekao da ovakve posete Be\u010du ne pravi niko na svetu, kao \u0161to to \u010dini predsednik Jedinstvene Srbije Dragan Markovi\u0107 Palma.\u201d\u017delim da \u010destitam Draganu Markovi\u0107u Palmi na jo\u0161 jednoj uspe\u0161noj poseti Be\u010du. Dolazak na\u0161ih gra\u0111ana sa Markovi\u0107em u austrijsku prestonicu je uvek spektakularan. Meni je ve\u010deras posebna \u010dast da budem u dru\u0161tvu najboljih studenata, srednjo\u0161kolaca i medicinskih radnika iz Srbije\u201d, kazao je ambasador Blagojevi\u0107. Dragan Markovi\u0107 Palma se zahvalio svim \u010dlanovima delegacije, a posebno studentima i u\u010denicima srednjih \u0161kola \u0161to su, kako je rekao, na najbolji na\u010din prezentovali svoje fakultete, \u0161kole, svoje porodice, svoje gradove i op\u0161tine i Srbiju. Posetu delegacije iz Srbije Be\u010du organizovao je Grad Jagodina, a\u00a0 sve tro\u0161kove platili su donatori, a jedan od donatora je i Jedinstvena Srbija. U delegaciji su studenti iz 12 gradova i op\u0161tina Srbije i sa 30 fakulteta, zdravstveni radnici iz 15 zdravstvenih ustanova \u0161irom Srbije, privrednici, narodni poslanici, rukovodstvo Grada Jagodine.<\/p>\n","protected":false},"excerpt":{"rendered":"<p>U Be\u010du je za \u010dlanove delegacije iz Srbije, na \u010dijem je \u010delu predsednik Jedinstvene Srbije i Skup\u0161tine grada Jagodine Dragan Markovi\u0107 Palma, organizovana druga sve\u010dana &hellip; <\/p>\n","protected":false},"author":2,"featured_media":40274,"comment_status":"closed","ping_status":"open","sticky":false,"template":"","format":"standard","meta":{"footnotes":""},"categories":[1524,2,1514,13,12],"tags":[6740,6690,120],"_links":{"self":[{"href":"https:\/\/centralmedia.rs\/index.php\/wp-json\/wp\/v2\/posts\/40272"}],"collection":[{"href":"https:\/\/centralmedia.rs\/index.php\/wp-json\/wp\/v2\/posts"}],"about":[{"href":"https:\/\/centralmedia.rs\/index.php\/wp-json\/wp\/v2\/types\/post"}],"author":[{"embeddable":true,"href":"https:\/\/centralmedia.rs\/index.php\/wp-json\/wp\/v2\/users\/2"}],"replies":[{"embeddable":true,"href":"https:\/\/centralmedia.rs\/index.php\/wp-json\/wp\/v2\/comments?post=40272"}],"version-history":[{"count":1,"href":"https:\/\/centralmedia.rs\/index.php\/wp-json\/wp\/v2\/posts\/40272\/revisions"}],"predecessor-version":[{"id":40276,"href":"https:\/\/centralmedia.rs\/index.php\/wp-json\/wp\/v2\/posts\/40272\/revisions\/40276"}],"wp:featuredmedia":[{"embeddable":true,"href":"https:\/\/centralmedia.rs\/index.php\/wp-json\/wp\/v2\/media\/40274"}],"wp:attachment":[{"href":"https:\/\/centralmedia.rs\/index.php\/wp-json\/wp\/v2\/media?parent=40272"}],"wp:term":[{"taxonomy":"category","embeddable":true,"href":"https:\/\/centralmedia.rs\/index.php\/wp-json\/wp\/v2\/categories?post=40272"},{"taxonomy":"post_tag","embeddable":true,"href":"https:\/\/centralmedia.rs\/index.php\/wp-json\/wp\/v2\/tags?post=40272"}],"curies":[{"name":"wp","href":"https:\/\/api.w.org\/{rel}","templated":true}]}}