{"id":40325,"date":"2024-11-12T17:45:54","date_gmt":"2024-11-12T16:45:54","guid":{"rendered":"https:\/\/centralmedia.rs\/?p=40325"},"modified":"2024-11-12T17:45:55","modified_gmt":"2024-11-12T16:45:55","slug":"paracin-obelezio-dan-primirja-u-prvom-svetskom-ratu","status":"publish","type":"post","link":"https:\/\/centralmedia.rs\/index.php\/2024\/11\/12\/paracin-obelezio-dan-primirja-u-prvom-svetskom-ratu\/","title":{"rendered":"Para\u0107in obele\u017eio Dan primirja u Prvom svetskom ratu"},"content":{"rendered":"\n<p>Polaganjem venaca na spomenik pobedniku u centru Para\u0107ina, himnom Srbije i minutom \u0107utanja obele\u017een je Dan primirja u Prvom svetskom ratu. Vence su u ime op\u0161tine Para\u0107in polo\u017eili predsednica SO Para\u0107in Slavica Jovanovi\u0107 i \u010dlan Op\u0161tinskog ve\u0107a Dejan Ne\u0161i\u0107, delegacija policijske stanice, kao i predstavnici para\u0107inskih udru\u017eenja.<\/p>\n\n\n\n<p>Ovaj dan se obele\u017eava na teritoriji cele Srbije kao i u mnogim glavnim gradovima dr\u017eava pobednica, poput Velike Britanije, Francuske, Italije, Rusije, SAD, Novog Zelanda i Belgije. U do tada najstra\u0161nijem sukobu koji je svet video, prema podacima Konferencije mira u Parizu 1919. Srbija je izgubila blizu 1.250.000 ljudi, odnosno 28 odsto celokupnog stanovni\u0161tva koje je imala po popisu iz 1914. godine.<\/p>\n","protected":false},"excerpt":{"rendered":"<p>Polaganjem venaca na spomenik pobedniku u centru Para\u0107ina, himnom Srbije i minutom \u0107utanja obele\u017een je Dan primirja u Prvom svetskom ratu. Vence su u ime &hellip; <\/p>\n","protected":false},"author":2,"featured_media":40326,"comment_status":"closed","ping_status":"open","sticky":false,"template":"","format":"standard","meta":{"footnotes":""},"categories":[14,1524,2,1516,12],"tags":[3274,156],"_links":{"self":[{"href":"https:\/\/centralmedia.rs\/index.php\/wp-json\/wp\/v2\/posts\/40325"}],"collection":[{"href":"https:\/\/centralmedia.rs\/index.php\/wp-json\/wp\/v2\/posts"}],"about":[{"href":"https:\/\/centralmedia.rs\/index.php\/wp-json\/wp\/v2\/types\/post"}],"author":[{"embeddable":true,"href":"https:\/\/centralmedia.rs\/index.php\/wp-json\/wp\/v2\/users\/2"}],"replies":[{"embeddable":true,"href":"https:\/\/centralmedia.rs\/index.php\/wp-json\/wp\/v2\/comments?post=40325"}],"version-history":[{"count":1,"href":"https:\/\/centralmedia.rs\/index.php\/wp-json\/wp\/v2\/posts\/40325\/revisions"}],"predecessor-version":[{"id":40327,"href":"https:\/\/centralmedia.rs\/index.php\/wp-json\/wp\/v2\/posts\/40325\/revisions\/40327"}],"wp:featuredmedia":[{"embeddable":true,"href":"https:\/\/centralmedia.rs\/index.php\/wp-json\/wp\/v2\/media\/40326"}],"wp:attachment":[{"href":"https:\/\/centralmedia.rs\/index.php\/wp-json\/wp\/v2\/media?parent=40325"}],"wp:term":[{"taxonomy":"category","embeddable":true,"href":"https:\/\/centralmedia.rs\/index.php\/wp-json\/wp\/v2\/categories?post=40325"},{"taxonomy":"post_tag","embeddable":true,"href":"https:\/\/centralmedia.rs\/index.php\/wp-json\/wp\/v2\/tags?post=40325"}],"curies":[{"name":"wp","href":"https:\/\/api.w.org\/{rel}","templated":true}]}}