{"id":40344,"date":"2024-11-16T18:43:13","date_gmt":"2024-11-16T17:43:13","guid":{"rendered":"https:\/\/centralmedia.rs\/?p=40344"},"modified":"2024-11-18T10:43:34","modified_gmt":"2024-11-18T09:43:34","slug":"palma-sa-ordenjem-srpske-pravoslavne-crkve-na-slavi-kod-njegovog-visokopresvestenstva-mitropolita-sumadijskog-g-jovana","status":"publish","type":"post","link":"https:\/\/centralmedia.rs\/index.php\/2024\/11\/16\/palma-sa-ordenjem-srpske-pravoslavne-crkve-na-slavi-kod-njegovog-visokopresvestenstva-mitropolita-sumadijskog-g-jovana\/","title":{"rendered":"PALMA SA ORDENjEM SRPSKE PRAVOSLAVNE CRKVE NA SLAVI KOD NjEGOVOG VISOKOPRESVE\u0160TENSTVA MITROPOLITA \u0160UMADIJSKOG G. JOVANA"},"content":{"rendered":"\n<p>Predsednik Jedinstvene Srbije Dragan Markovi\u0107 Palma bio je danas gost na slavi kod Njegovog Visokopresve\u0161tenstva Mitropolita \u0161umadijskog G. Jovana, koji slavi slavu Svetog velikomu\u010denika Georgija \u2013 u narodu poznatijeg \u0110ur\u0111ic.<\/p>\n\n\n\n<p>Dragan Markovi\u0107 Palma je ponosno na reveru nosio visoka crkvena priznanja koja mu je dodelila Srpska pravoslavna crkva, Orden Svetoga Save prvog stepena koji mu je uru\u010dio blagopo\u010div\u0161i patrijarh Irinej, orden Svetog Simeona Miroto\u010divog i Orden Svetih kragujeva\u010dkih novomu\u010denika prvog stepena.<\/p>\n\n\n\n<p>Poznato je da je Palma zajedno sa svojom porodicom ktitor velelepnog hrama Svetog Jovana Krstitelja u Kon\u010darevu.<\/p>\n","protected":false},"excerpt":{"rendered":"<p>Predsednik Jedinstvene Srbije Dragan Markovi\u0107 Palma bio je danas gost na slavi kod Njegovog Visokopresve\u0161tenstva Mitropolita \u0161umadijskog G. Jovana, koji slavi slavu Svetog velikomu\u010denika Georgija &hellip; <\/p>\n","protected":false},"author":2,"featured_media":40345,"comment_status":"closed","ping_status":"open","sticky":false,"template":"","format":"standard","meta":{"footnotes":""},"categories":[14,1524,2,1514,12],"tags":[120,5173],"_links":{"self":[{"href":"https:\/\/centralmedia.rs\/index.php\/wp-json\/wp\/v2\/posts\/40344"}],"collection":[{"href":"https:\/\/centralmedia.rs\/index.php\/wp-json\/wp\/v2\/posts"}],"about":[{"href":"https:\/\/centralmedia.rs\/index.php\/wp-json\/wp\/v2\/types\/post"}],"author":[{"embeddable":true,"href":"https:\/\/centralmedia.rs\/index.php\/wp-json\/wp\/v2\/users\/2"}],"replies":[{"embeddable":true,"href":"https:\/\/centralmedia.rs\/index.php\/wp-json\/wp\/v2\/comments?post=40344"}],"version-history":[{"count":1,"href":"https:\/\/centralmedia.rs\/index.php\/wp-json\/wp\/v2\/posts\/40344\/revisions"}],"predecessor-version":[{"id":40346,"href":"https:\/\/centralmedia.rs\/index.php\/wp-json\/wp\/v2\/posts\/40344\/revisions\/40346"}],"wp:featuredmedia":[{"embeddable":true,"href":"https:\/\/centralmedia.rs\/index.php\/wp-json\/wp\/v2\/media\/40345"}],"wp:attachment":[{"href":"https:\/\/centralmedia.rs\/index.php\/wp-json\/wp\/v2\/media?parent=40344"}],"wp:term":[{"taxonomy":"category","embeddable":true,"href":"https:\/\/centralmedia.rs\/index.php\/wp-json\/wp\/v2\/categories?post=40344"},{"taxonomy":"post_tag","embeddable":true,"href":"https:\/\/centralmedia.rs\/index.php\/wp-json\/wp\/v2\/tags?post=40344"}],"curies":[{"name":"wp","href":"https:\/\/api.w.org\/{rel}","templated":true}]}}