{"id":40347,"date":"2024-11-18T15:51:17","date_gmt":"2024-11-18T14:51:17","guid":{"rendered":"https:\/\/centralmedia.rs\/?p=40347"},"modified":"2024-11-18T15:51:35","modified_gmt":"2024-11-18T14:51:35","slug":"palma-pozvan-sam-na-inauguraciju-donalda-trampa","status":"publish","type":"post","link":"https:\/\/centralmedia.rs\/index.php\/2024\/11\/18\/palma-pozvan-sam-na-inauguraciju-donalda-trampa\/","title":{"rendered":"PALMA : POZVAN SAM NA INAUGURACIJU DONALDA TRAMPA"},"content":{"rendered":"\n<p>Predsednik Jedinstvene Srbije Dragan Markovi\u0107 Palma izjavio je gostuju\u0107i na TV K1 da je dobio usmeni poziv na inauguraciju novog predsednika SAD Donalda Trampa 20. januara u Va\u0161ingtonu. \u201e Ja sam bio jedini srpski politi\u010dar na pro\u0161loj inauguraciji Donalda Trampa 20. 01. 2017., kada sam tako\u0111e dobio poziv nakon \u0161to sam podr\u017eao njegov izbor i pozvao ameri\u010dke Srbe da glasaju za Trampa. Sada je identi\u010dna situacija, a 20. januara je moja krsna slava Sveti Jovan i kao pro\u0161li put moja porodica \u0107e prese\u0107i slavski kola\u010d, a obele\u017eavanje slave \u0107emo prolongirati za neki dan, jer slava je svake godine, a poziv na inauguraciju predsednika SAD se ne dobija tako lako\u201c, izjavio je Dragan Markovi\u0107 Palma. Na konstataciju voditeljke emisije da je jedan od najbogatijih ljudi na svetu Ilon Mask u predizbornoj kampanji za Trampa radio ono \u0161to radi Palma, misle\u0107i na delenje para gra\u0111anima, upore\u0111uju\u0107i sa poznatih Palminih dve, tri hijade za gospo\u0111u i gospodina Markovi\u0107 je rekao \u201eJa kada sam to radio u Jagodini neki su se smejali, a kasnije je tako radila i radi Vlada Srbije\u201c. \u201eOd Trampa o\u010dekujem ve\u0107u ekonomsku saradnju SAD i Srbije, ali nije realno o\u010dekivati da njegova administracija promeni stav o Kosovu i Metohiji. Bitno je da Tramp nije ni u pro\u0161lom mandatu, a verujem i da ne\u0107e ni u novom saplitati Srbiju\u201c, rekao je Palma.<\/p>\n\n\n\n<figure class=\"wp-block-image size-large\"><img loading=\"lazy\" decoding=\"async\" width=\"1024\" height=\"1024\" src=\"https:\/\/centralmedia.rs\/wp-content\/uploads\/2024\/11\/palma-k1-1024x1024.jpg\" alt=\"\" class=\"wp-image-40351\" srcset=\"https:\/\/centralmedia.rs\/wp-content\/uploads\/2024\/11\/palma-k1-1024x1024.jpg 1024w, https:\/\/centralmedia.rs\/wp-content\/uploads\/2024\/11\/palma-k1-300x300.jpg 300w, https:\/\/centralmedia.rs\/wp-content\/uploads\/2024\/11\/palma-k1-150x150.jpg 150w, https:\/\/centralmedia.rs\/wp-content\/uploads\/2024\/11\/palma-k1-768x769.jpg 768w, https:\/\/centralmedia.rs\/wp-content\/uploads\/2024\/11\/palma-k1.jpg 1438w\" sizes=\"(max-width: 1024px) 100vw, 1024px\" \/><\/figure>\n\n\n\n<p>SRBIJU U EVROPSKOJ UNIJI VIDIM KROZ MAGLU, ALI NE ZBOG SRBIJE VE\u0106 ZBOG EVROPSKE UNIJE<\/p>\n\n\n\n<p>\u201eJa vidim ulazak Srbije u Evropsku uniju kroz maglu. Kada Evropska unija ima svoje interese magla se digne, a kada Evropska unija nema interese onda se magla spu\u0161ta, tako da ne o\u010dekujem da \u0107emo brzo u\u0107i u Evropsku uniju, a zato nije kriva Srbija ve\u0107 Evropska unija. Najva\u017enije je da se u Srbiji danas \u017eivi bolje nego pre, a mo\u017ee i jo\u0161 bolje. Srbiji danas ne treba socijalna pomo\u0107, imamo velike zalihe i novca i zlata i Srbija je danas suverena i nezavisna dr\u017eava, imamo najmanju stopu nezaposlenosti. Jedinstvena Srbija podr\u017eava predsednika Srbije Aleksandra Vu\u010di\u0107a i siguran sam da sve ono \u0161to ka\u017eu Vu\u010di\u0107 i ministar Sini\u0161a Mali da \u0107e biti realizovano, kao i do sada\u201c, kazao je predsednik Jedinstvene Srbije.<\/p>\n\n\n\n<p>JA I DA\u010cI\u0106 SMO KAO BRA\u0106A \u2013 ONO SA PORUKOM JE BILA KLASI\u010cNA PREVARA I NIJE USPELO NITI \u0106E USPETI<\/p>\n\n\n\n<p>\u201eJa i Ivica Da\u010di\u0107 smo kao bra\u0107a, znamo se 30 godina, idemo porodi\u010dno jedan drugome na krsnu slavu, a taj poku\u0161aj sa SMS porukom je bila klasi\u010dna prevara. Danas postoji tehni\u010dka mogu\u0107nost da svako svakome mo\u017ee poslati poruku sa svakog broja. Ta poruka o navodnom raskolu izme\u0111u Jedinstvene Srbije i SPS-a je nepostoje\u0107a i ta prevara nije uspela niti \u0107e uspeti\u201c, izjavio je Markovi\u0107.<\/p>\n\n\n\n<p>OPOZICIJA KORISTI NESRE\u0106E I OBI\u010cAN SVET ZA POKU\u0160AJ DOLASKA NA VLAST BEZ IZBORA<\/p>\n\n\n\n<p>\u201eOpozicija u Srbiji koristi svaku tragediju kako bi pridobila ose\u0107aje obi\u010dnog naroda u poku\u0161aju da do\u0111e na vlast bez izbora. Tako je bilo pro\u0161le godine, a tako je i ove. Opozicija je ta koja \u0161alje ru\u017enu sliku iz Srbije u svet. U Srbiji se na vlast dolazi isklju\u010divo glasovima gra\u0111ana, na izborima\u201c, rekao je predsednik Jedinstvene Srbije.<\/p>\n\n\n\n<p>SMR\u0160AO SAM PREKO 30 KILOGRAMA, NE ZBOG NEKOG RE\u017dIMA, VE\u0106 SAM TAKO HTEO<\/p>\n\n\n\n<p>Na pitanje voditeljke o \u201e u kilogramima lak\u0161em\u201c Markovi\u0107u u odnosu na raniji period predsednik Jedistvene Srbije je rekao : \u201eSmr\u0161ao sam 30 i ne\u0161to kilograma, nisam na nikakvom re\u017eimu, ve\u0107 sam tako hteo, jednostavno preko 50 posto manje jedem nego pre. Danas kada vidim tanjir sa hranom \u201eprvih 30 minuta minuta mi se muti u glavi\u201c, na\u0161alio se Palma, a posle je sve ok. \u201eDebljina dolazi isklju\u010divo od hrane, a ja sam to smanjio za preko pola\u201c, izjavio je Dragan Markovi\u0107 Palma gostujuci na TV K1.<\/p>\n","protected":false},"excerpt":{"rendered":"<p>Predsednik Jedinstvene Srbije Dragan Markovi\u0107 Palma izjavio je gostuju\u0107i na TV K1 da je dobio usmeni poziv na inauguraciju novog predsednika SAD Donalda Trampa 20. &hellip; <\/p>\n","protected":false},"author":1,"featured_media":40348,"comment_status":"closed","ping_status":"open","sticky":false,"template":"","format":"standard","meta":{"footnotes":""},"categories":[1524,2,1514,13,12],"tags":[6747,120,1353],"_links":{"self":[{"href":"https:\/\/centralmedia.rs\/index.php\/wp-json\/wp\/v2\/posts\/40347"}],"collection":[{"href":"https:\/\/centralmedia.rs\/index.php\/wp-json\/wp\/v2\/posts"}],"about":[{"href":"https:\/\/centralmedia.rs\/index.php\/wp-json\/wp\/v2\/types\/post"}],"author":[{"embeddable":true,"href":"https:\/\/centralmedia.rs\/index.php\/wp-json\/wp\/v2\/users\/1"}],"replies":[{"embeddable":true,"href":"https:\/\/centralmedia.rs\/index.php\/wp-json\/wp\/v2\/comments?post=40347"}],"version-history":[{"count":2,"href":"https:\/\/centralmedia.rs\/index.php\/wp-json\/wp\/v2\/posts\/40347\/revisions"}],"predecessor-version":[{"id":40352,"href":"https:\/\/centralmedia.rs\/index.php\/wp-json\/wp\/v2\/posts\/40347\/revisions\/40352"}],"wp:featuredmedia":[{"embeddable":true,"href":"https:\/\/centralmedia.rs\/index.php\/wp-json\/wp\/v2\/media\/40348"}],"wp:attachment":[{"href":"https:\/\/centralmedia.rs\/index.php\/wp-json\/wp\/v2\/media?parent=40347"}],"wp:term":[{"taxonomy":"category","embeddable":true,"href":"https:\/\/centralmedia.rs\/index.php\/wp-json\/wp\/v2\/categories?post=40347"},{"taxonomy":"post_tag","embeddable":true,"href":"https:\/\/centralmedia.rs\/index.php\/wp-json\/wp\/v2\/tags?post=40347"}],"curies":[{"name":"wp","href":"https:\/\/api.w.org\/{rel}","templated":true}]}}