{"id":40368,"date":"2024-11-20T16:09:05","date_gmt":"2024-11-20T15:09:05","guid":{"rendered":"https:\/\/centralmedia.rs\/?p=40368"},"modified":"2024-11-21T16:11:03","modified_gmt":"2024-11-21T15:11:03","slug":"opstina-despotovac-se-prikljucila-fondu-za-osnazivanje-mladih-poljoprivrednika","status":"publish","type":"post","link":"https:\/\/centralmedia.rs\/index.php\/2024\/11\/20\/opstina-despotovac-se-prikljucila-fondu-za-osnazivanje-mladih-poljoprivrednika\/","title":{"rendered":"OP\u0160TINA DESPOTOVAC SE PRIKLjU\u010cILA FONDU ZA OSNA\u017dIVANjE MLADIH POLjOPRIVREDNIKA"},"content":{"rendered":"\n<p>Zamenik predsednika Op\u0161tine Despotovac, Nemanja Radovanovi\u0107, potpisao Ugovor o saradnji sa Fondaciom Ana i Vlade Divac, kojim se Op\u0161tina Despotovac priklju\u010duje Fondu za osna\u017eivanje mladih poljoprivrednika, koji je podr\u017eao projekat \u201eVelika mala privreda\u201c finansiran od strane USAID-a.<\/p>\n\n\n\n<figure class=\"wp-block-gallery has-nested-images columns-default is-cropped wp-block-gallery-1 is-layout-flex wp-block-gallery-is-layout-flex\">\n<figure class=\"wp-block-image size-large\"><img loading=\"lazy\" decoding=\"async\" width=\"1024\" height=\"768\" data-id=\"40370\" src=\"https:\/\/centralmedia.rs\/wp-content\/uploads\/2024\/11\/mladi1-1024x768.jpg\" alt=\"\" class=\"wp-image-40370\" srcset=\"https:\/\/centralmedia.rs\/wp-content\/uploads\/2024\/11\/mladi1-1024x768.jpg 1024w, https:\/\/centralmedia.rs\/wp-content\/uploads\/2024\/11\/mladi1-300x225.jpg 300w, https:\/\/centralmedia.rs\/wp-content\/uploads\/2024\/11\/mladi1-768x576.jpg 768w, https:\/\/centralmedia.rs\/wp-content\/uploads\/2024\/11\/mladi1-1536x1152.jpg 1536w, https:\/\/centralmedia.rs\/wp-content\/uploads\/2024\/11\/mladi1.jpg 2048w\" sizes=\"(max-width: 1024px) 100vw, 1024px\" \/><\/figure>\n\n\n\n<figure class=\"wp-block-image size-large\"><img loading=\"lazy\" decoding=\"async\" width=\"1024\" height=\"730\" data-id=\"40371\" src=\"https:\/\/centralmedia.rs\/wp-content\/uploads\/2024\/11\/mladi2-1024x730.jpg\" alt=\"\" class=\"wp-image-40371\" srcset=\"https:\/\/centralmedia.rs\/wp-content\/uploads\/2024\/11\/mladi2-1024x730.jpg 1024w, https:\/\/centralmedia.rs\/wp-content\/uploads\/2024\/11\/mladi2-300x214.jpg 300w, https:\/\/centralmedia.rs\/wp-content\/uploads\/2024\/11\/mladi2-768x548.jpg 768w, https:\/\/centralmedia.rs\/wp-content\/uploads\/2024\/11\/mladi2.jpg 1224w\" sizes=\"(max-width: 1024px) 100vw, 1024px\" \/><\/figure>\n\n\n\n<figure class=\"wp-block-image size-large\"><img loading=\"lazy\" decoding=\"async\" width=\"1024\" height=\"720\" data-id=\"40372\" src=\"https:\/\/centralmedia.rs\/wp-content\/uploads\/2024\/11\/mladi3-1024x720.jpg\" alt=\"\" class=\"wp-image-40372\" srcset=\"https:\/\/centralmedia.rs\/wp-content\/uploads\/2024\/11\/mladi3-1024x720.jpg 1024w, https:\/\/centralmedia.rs\/wp-content\/uploads\/2024\/11\/mladi3-300x211.jpg 300w, https:\/\/centralmedia.rs\/wp-content\/uploads\/2024\/11\/mladi3-768x540.jpg 768w, https:\/\/centralmedia.rs\/wp-content\/uploads\/2024\/11\/mladi3.jpg 1381w\" sizes=\"(max-width: 1024px) 100vw, 1024px\" \/><\/figure>\n<\/figure>\n\n\n\n<p>Potpisivanju Ugovora je, osim zamenika predsednika Op\u0161tine Despotovac prisustvovao i menad\u017eer poljoprivrednih projekata Fondacije Ana i Vlade Divac, Milijan Mara\u0161, kao i menad\u017eerka za razvoj ljudskih resursa kapaciteta i inkluziju, Ivana Bo\u017ei\u0107, ispred projekta \u201eVelika mala privreda\u201c.<\/p>\n\n\n\n<p>Cilj ovog projekta je da se podr\u017ee u\u010denici zavr\u0161ne godine poljoprivredne \u0161kole, koji \u017eele da nastave da se bave poljoprivredom i unaprede svoje porodi\u010dno gazdinstvo. Osim finansijske podr\u0161ke mladi \u0107e imati mogu\u0107nost da prisustvuju predavanjima, da dobiju podr\u0161ku mentora i nau\u010de da razvijaju sopstveni biznis plan.<\/p>\n\n\n\n<p>\u201eTrudimo se da iz na\u0161eg bud\u017eeta izdvojimo koliko je mogu\u0107e za razvoj poljoprivrede i sela i svaka pomo\u0107 je dobrodo\u0161la u tom smislu, cilj nam je da \u0161to vi\u0161e mladih ostane na selu i da se bave poljoprivredom na stru\u010dan na\u010din i sa odgovaraju\u0107om mehanizacijom. Verujem da je ovo po\u010detak uspe\u0161ne saradnje i o\u010dekujemo da \u0107emo sa dana\u0161njim partnerima imati mnogo uspe\u0161nih akcija u budu\u0107nosti\u201c, rekao je, nakon potpisivanja Ugovora, zamenik predsednika Op\u0161tine Despotovac, Nemanja Radovanovi\u0107.<\/p>\n","protected":false},"excerpt":{"rendered":"<p>Zamenik predsednika Op\u0161tine Despotovac, Nemanja Radovanovi\u0107, potpisao Ugovor o saradnji sa Fondaciom Ana i Vlade Divac, kojim se Op\u0161tina Despotovac priklju\u010duje Fondu za osna\u017eivanje mladih &hellip; <\/p>\n","protected":false},"author":2,"featured_media":40369,"comment_status":"closed","ping_status":"open","sticky":false,"template":"","format":"standard","meta":{"footnotes":""},"categories":[1518,1524,2,13,12],"tags":[51,6136,1131],"_links":{"self":[{"href":"https:\/\/centralmedia.rs\/index.php\/wp-json\/wp\/v2\/posts\/40368"}],"collection":[{"href":"https:\/\/centralmedia.rs\/index.php\/wp-json\/wp\/v2\/posts"}],"about":[{"href":"https:\/\/centralmedia.rs\/index.php\/wp-json\/wp\/v2\/types\/post"}],"author":[{"embeddable":true,"href":"https:\/\/centralmedia.rs\/index.php\/wp-json\/wp\/v2\/users\/2"}],"replies":[{"embeddable":true,"href":"https:\/\/centralmedia.rs\/index.php\/wp-json\/wp\/v2\/comments?post=40368"}],"version-history":[{"count":1,"href":"https:\/\/centralmedia.rs\/index.php\/wp-json\/wp\/v2\/posts\/40368\/revisions"}],"predecessor-version":[{"id":40373,"href":"https:\/\/centralmedia.rs\/index.php\/wp-json\/wp\/v2\/posts\/40368\/revisions\/40373"}],"wp:featuredmedia":[{"embeddable":true,"href":"https:\/\/centralmedia.rs\/index.php\/wp-json\/wp\/v2\/media\/40369"}],"wp:attachment":[{"href":"https:\/\/centralmedia.rs\/index.php\/wp-json\/wp\/v2\/media?parent=40368"}],"wp:term":[{"taxonomy":"category","embeddable":true,"href":"https:\/\/centralmedia.rs\/index.php\/wp-json\/wp\/v2\/categories?post=40368"},{"taxonomy":"post_tag","embeddable":true,"href":"https:\/\/centralmedia.rs\/index.php\/wp-json\/wp\/v2\/tags?post=40368"}],"curies":[{"name":"wp","href":"https:\/\/api.w.org\/{rel}","templated":true}]}}