{"id":40374,"date":"2024-11-21T16:10:44","date_gmt":"2024-11-21T15:10:44","guid":{"rendered":"https:\/\/centralmedia.rs\/?p=40374"},"modified":"2024-11-21T16:10:44","modified_gmt":"2024-11-21T15:10:44","slug":"vreme-kada-su-zene-bile-heroji-a-muskaraci-bedni-slabici","status":"publish","type":"post","link":"https:\/\/centralmedia.rs\/index.php\/2024\/11\/21\/vreme-kada-su-zene-bile-heroji-a-muskaraci-bedni-slabici\/","title":{"rendered":"VREME KADA SU \u017dENE BILE HEROJI, A MU\u0160KARACI BEDNI SLABI\u0106I"},"content":{"rendered":"\n<p>ODATA PO\u0160TA PALIM HEROJIMA U KOLUBARSKOJ BICI PRE 110 GODINA<\/p>\n\n\n\n<figure class=\"wp-block-gallery has-nested-images columns-default is-cropped wp-block-gallery-1 is-layout-flex wp-block-gallery-is-layout-flex\">\n<figure class=\"wp-block-image size-large\"><img loading=\"lazy\" decoding=\"async\" width=\"1024\" height=\"576\" data-id=\"40377\" src=\"https:\/\/centralmedia.rs\/wp-content\/uploads\/2024\/11\/krajpustas1-1024x576.jpg\" alt=\"\" class=\"wp-image-40377\" srcset=\"https:\/\/centralmedia.rs\/wp-content\/uploads\/2024\/11\/krajpustas1-1024x576.jpg 1024w, https:\/\/centralmedia.rs\/wp-content\/uploads\/2024\/11\/krajpustas1-300x169.jpg 300w, https:\/\/centralmedia.rs\/wp-content\/uploads\/2024\/11\/krajpustas1-768x432.jpg 768w, https:\/\/centralmedia.rs\/wp-content\/uploads\/2024\/11\/krajpustas1-820x460.jpg 820w, https:\/\/centralmedia.rs\/wp-content\/uploads\/2024\/11\/krajpustas1-1260x710.jpg 1260w, https:\/\/centralmedia.rs\/wp-content\/uploads\/2024\/11\/krajpustas1.jpg 1440w\" sizes=\"(max-width: 1024px) 100vw, 1024px\" \/><\/figure>\n\n\n\n<figure class=\"wp-block-image size-large\"><img loading=\"lazy\" decoding=\"async\" width=\"1024\" height=\"576\" data-id=\"40376\" src=\"https:\/\/centralmedia.rs\/wp-content\/uploads\/2024\/11\/krajputas-1024x576.jpg\" alt=\"\" class=\"wp-image-40376\" srcset=\"https:\/\/centralmedia.rs\/wp-content\/uploads\/2024\/11\/krajputas-1024x576.jpg 1024w, https:\/\/centralmedia.rs\/wp-content\/uploads\/2024\/11\/krajputas-300x169.jpg 300w, https:\/\/centralmedia.rs\/wp-content\/uploads\/2024\/11\/krajputas-768x432.jpg 768w, https:\/\/centralmedia.rs\/wp-content\/uploads\/2024\/11\/krajputas-820x460.jpg 820w, https:\/\/centralmedia.rs\/wp-content\/uploads\/2024\/11\/krajputas-1260x710.jpg 1260w, https:\/\/centralmedia.rs\/wp-content\/uploads\/2024\/11\/krajputas.jpg 1440w\" sizes=\"(max-width: 1024px) 100vw, 1024px\" \/><\/figure>\n\n\n\n<figure class=\"wp-block-image size-large\"><img loading=\"lazy\" decoding=\"async\" width=\"1024\" height=\"576\" data-id=\"40378\" src=\"https:\/\/centralmedia.rs\/wp-content\/uploads\/2024\/11\/krajputas2-1024x576.jpg\" alt=\"\" class=\"wp-image-40378\" srcset=\"https:\/\/centralmedia.rs\/wp-content\/uploads\/2024\/11\/krajputas2-1024x576.jpg 1024w, https:\/\/centralmedia.rs\/wp-content\/uploads\/2024\/11\/krajputas2-300x169.jpg 300w, https:\/\/centralmedia.rs\/wp-content\/uploads\/2024\/11\/krajputas2-768x432.jpg 768w, https:\/\/centralmedia.rs\/wp-content\/uploads\/2024\/11\/krajputas2-820x460.jpg 820w, https:\/\/centralmedia.rs\/wp-content\/uploads\/2024\/11\/krajputas2-1260x710.jpg 1260w, https:\/\/centralmedia.rs\/wp-content\/uploads\/2024\/11\/krajputas2.jpg 1440w\" sizes=\"(max-width: 1024px) 100vw, 1024px\" \/><\/figure>\n<\/figure>\n\n\n\n<p>Ispred spomenika \u017divojinu Gligorijevi\u0107u u Jagodini danas je odata po\u0161ta palim srpskim borcima u Kolubarskoj bici pre 110 godina i Prvom svetskom ratu. \u017divojin Gligorijevi\u0107 (38) je poginuo u Kolubarskoj bici, njegove kosti su sahranjene u masovnu grobnicu sa jo\u0161 22 hiljade stradalih, a njegova supruga Aleksija je sa sinovima odvojila ,,poslednju koricu hleba\u201d da podigne spomenik krajputa\u0161 odaju\u0107i mu po\u0161tu, ali i kao upozorenje svakome ko krene na njenu porodicu da \u0107e da bude sankcionisan.<\/p>\n\n\n\n<p>-\u017divojin je za\u0161titno ime na\u0161e porodice, on je na\u0161 ponos. Obnovili smo spomenik i tradicionalno svakog 21. novembra odajemo po\u0161tu svim poginulima u Prvom svetskom ratu. Prababa Aleksija je podigla ovaj spomenik 1920. godine da bi njena deca imala uspomenu na svog oca i da bi ona mogla nekome da se po\u017eali jer su to bila surova vremena. Iz tog doba je i istinita pri\u010da o hrabrosti moje prebake. Nju, samohranu majku sa decom, poku\u0161ao je da siluje neki trgovac, me\u0111utim, ona se nije dala i u o\u010daju je uzela no\u017e i nanela mu povrede. Ka\u017eu da mu je u odbrani odsekla mu\u0161kost, zato je posle porodicu pratio nadimak ,,secikuri\u201d. Nju su dr\u017eavni organi optu\u017eili za nano\u0161enje poreda, pretila joj je sudska kazna i robija iako se branila, \u017eene nisu tada imale nikakva prava. Ona je, me\u0111utim, oti\u0161la na Kraljevski dvor u Beogradu i zatra\u017eila prijem kod kralja Aleksandra. Posle tri dana, kada su videli da je odlu\u010dna i nepopustljiva, kralj ju je primio i saslu\u0161ao. Ona se po\u017ealila na teror koji sprovode mo\u0107nici nad udovicama i porodicama palih boraca. Kralj je prabaku amnestirao i dao joj 20 zlatnika. Ona je od tih sredstava podigla spomenik. Tako da je njen \u017divojin i posle pogibije nastavio da \u010duva nju i njenu porodicu od svakoraznih isku\u0161enja i tegoba, pri\u010da praunuk Dragan Gligorijevi\u0107. &nbsp;&nbsp;&nbsp;&nbsp;&nbsp;&nbsp;&nbsp;&nbsp;&nbsp;&nbsp;&nbsp;&nbsp;<\/p>\n\n\n\n<p>&nbsp;Praunuci Dragan i Zoran su obnovili spomenik 2013. godine u \u017eelji da prenesu uspomenu na svoje naslednike. Predstavnici SUBNOR su polo\u017eili venac i podsetili da je Kolubarska bitka ozna\u010dila osloba\u0111anje Srbije 1914, te da je to jedna od tri najve\u0107e savezni\u010dke pobede te godine. Nemci su tada probili zapadni front, a Srbi proterali austrougare sa svoje terotorije. Najavljeno je pokretanje inicijative da se ulica nazove po palom heroju \u017divojinu Gligorijevi\u0107u.<\/p>\n","protected":false},"excerpt":{"rendered":"<p>ODATA PO\u0160TA PALIM HEROJIMA U KOLUBARSKOJ BICI PRE 110 GODINA Ispred spomenika \u017divojinu Gligorijevi\u0107u u Jagodini danas je odata po\u0161ta palim srpskim borcima u Kolubarskoj &hellip; <\/p>\n","protected":false},"author":2,"featured_media":40375,"comment_status":"closed","ping_status":"open","sticky":false,"template":"","format":"standard","meta":{"footnotes":""},"categories":[14,1524,2,1514,12],"tags":[58,2431,6752],"_links":{"self":[{"href":"https:\/\/centralmedia.rs\/index.php\/wp-json\/wp\/v2\/posts\/40374"}],"collection":[{"href":"https:\/\/centralmedia.rs\/index.php\/wp-json\/wp\/v2\/posts"}],"about":[{"href":"https:\/\/centralmedia.rs\/index.php\/wp-json\/wp\/v2\/types\/post"}],"author":[{"embeddable":true,"href":"https:\/\/centralmedia.rs\/index.php\/wp-json\/wp\/v2\/users\/2"}],"replies":[{"embeddable":true,"href":"https:\/\/centralmedia.rs\/index.php\/wp-json\/wp\/v2\/comments?post=40374"}],"version-history":[{"count":1,"href":"https:\/\/centralmedia.rs\/index.php\/wp-json\/wp\/v2\/posts\/40374\/revisions"}],"predecessor-version":[{"id":40379,"href":"https:\/\/centralmedia.rs\/index.php\/wp-json\/wp\/v2\/posts\/40374\/revisions\/40379"}],"wp:featuredmedia":[{"embeddable":true,"href":"https:\/\/centralmedia.rs\/index.php\/wp-json\/wp\/v2\/media\/40375"}],"wp:attachment":[{"href":"https:\/\/centralmedia.rs\/index.php\/wp-json\/wp\/v2\/media?parent=40374"}],"wp:term":[{"taxonomy":"category","embeddable":true,"href":"https:\/\/centralmedia.rs\/index.php\/wp-json\/wp\/v2\/categories?post=40374"},{"taxonomy":"post_tag","embeddable":true,"href":"https:\/\/centralmedia.rs\/index.php\/wp-json\/wp\/v2\/tags?post=40374"}],"curies":[{"name":"wp","href":"https:\/\/api.w.org\/{rel}","templated":true}]}}