{"id":4038,"date":"2016-08-02T19:35:02","date_gmt":"2016-08-02T19:35:02","guid":{"rendered":"http:\/\/centralmedia.rs\/?p=4038"},"modified":"2017-01-28T12:43:28","modified_gmt":"2017-01-28T12:43:28","slug":"arsic-ministarstvo-kulture-pokazalo-nebrigu-prema-levackom-saboru","status":"publish","type":"post","link":"https:\/\/centralmedia.rs\/index.php\/2016\/08\/02\/arsic-ministarstvo-kulture-pokazalo-nebrigu-prema-levackom-saboru\/","title":{"rendered":"ARSI\u0106-MINISTARSTVO KULTURE POKAZALO NEBRIGU PREMA LEVA\u010cKOM SABORU"},"content":{"rendered":"<p>REKOVAC-Umetni\u010dki direktor 47. Sabora narodnog stvarala\u0161tva \u201cPro\u0111oh Leva\u010d, pro\u0111oh \u0160umadiju\u201d glumac Tihomir Arsi\u0107 izjavio je da je Ministarstvo kulture neodbravaju\u0107i sredstva za organizaciju SAbora pokazalo veliku nebrigu i ogre\u0161ilo se prema manifestaciji koja postoji 46 godina. Sabor se odr\u017eava 6. i 7. avgusta u manastiru Kaleni\u0107.<br \/>\n&#8211; Ministarstvo kulture je ove godine ignorisalo Sabor i po ko zna koji put ogre\u0161ilo o manifestacije koje su izvorne i autenti\u010dno narodne, rekao je Arsi\u0107 i dodao da je ,,elitna kultura je ne\u0161to \u0161to poku\u0161ava da sebi na\u0111e prostora, a mi \u0107emo se boriti da ovu na\u0161u, obi\u010dnu, jadnu, selja\u010dku, srbijansku ili \u0161umadijsku kulturu odr\u017eimo\u201d.<br \/>\nPro\u0161le godine pokrovitelj Sabora bilo Ministarstvo poljoprivrede i za\u0161tite \u017eivotne sredine, a godina pre toga Ministarstvo kulture i informisanja. Kulturni centar u Rekovcu je konkurisao sa projektom, ali sredstva nisu odbrena, pa je jedini pokrovitelj manifestacije Skup\u0161tina op\u0161tine Rekovac.<br \/>\nPredsednik Organizacionog odbora Sabora i predsednik op\u0161tine Rekovac Aleksandar \u0110o\u0111evi\u0107 je ocenio da \u0107e Sabor, i pored toga \u0161to nije dobio sredstva od ministarstva, i \u0161to je re\u010d o siroma\u0161noj op\u0161tini, ispuniti sva o\u010dekivanja u\u010desnika i gostiju.<br \/>\n-Bi\u0107e to jedan od boljih Sabora odr\u017eanih poslednjih godina i nadamo se \u0107e ubudu\u0107e dr\u017eava ovakvim manifestacijama poklanjati vi\u0161e pa\u017enje, dodao je \u0110or\u0111evi\u0107.<br \/>\nSabor narodnog stvarala\u0161tva \u201cPro\u0111oh Leva\u010d, pro\u0111oh \u0160umadiju\u201d po tradiciji se odr\u017eava u porti srednjovekovnog manastira Kaleni\u0107 i na Letnjoj pozornici kraj Kaleni\u0107ke reke.<br \/>\nPo\u010detak je ove godine, u manastirskoj porti, zakazan za 18. sati, 6. avgusta, a po tradiciji tu manifestaciju otvora predstavnik Vlade Srbije, me\u0111utim, jo\u0161 se ne zna ko \u0107e ispred vlade otvoriti Sabor.<br \/>\nSve\u010danom otvranju prisustova\u0107e, kako se o\u010dekuje, predstavnici diplomatskog kora, privredni, javni, politi\u010dki i kulturni radnici Srbije, \u0160umadije i Pomoravlja.<br \/>\nNa otvaranju \u0107e nastupiti Vokalni solista Biljana Krsti\u0107 i \u201cBistrik orkestar\u201d i Grupa \u201cUna Saga Serbica\u201d, a Arsi\u0107 \u0107e govoriti stihove \u0110ure Jak\u0161i\u0107a, Desanke Maksimovi\u0107 i izvesti monolog iz predstave \u201cSolunci govore\u201d i besede vladike Nikolaja Velimirovi\u0107.<br \/>\nNarednog dana, koji \u0107e po\u010deti liturgijom u manastirskoj crkvi, na Letnjoj pozornici kraj Kalenicke reke nastupi\u0107e 15 KUD iz \u0160umadije i Pomoravlja, a gostuju\u0107a KUD iz zemlje i inostranstva \u0107e imati revijalni nastup.<br \/>\nBi\u0107e organizovane izlo\u017ebe starih i retkih knjiga, novina, \u010dasopoisa i publikacija, izlo\u017eba slika Tomislava Savi\u0107a.<br \/>\nIzlo\u017eba i degustacija starih jela sa podru\u010dja Lev\u010da, doma\u0107e radinosti i starih zanata, takmi\u010denje zdravi\u010dara.<a href=\"https:\/\/centralmedia.rs\/wp-content\/uploads\/2016\/12\/grb.jpg\"><img loading=\"lazy\" decoding=\"async\" class=\"aligncenter size-medium wp-image-6520\" src=\"https:\/\/centralmedia.rs\/wp-content\/uploads\/2016\/12\/grb-210x300.jpg\" alt=\"\" width=\"210\" height=\"300\" srcset=\"https:\/\/centralmedia.rs\/wp-content\/uploads\/2016\/12\/grb-210x300.jpg 210w, https:\/\/centralmedia.rs\/wp-content\/uploads\/2016\/12\/grb.jpg 276w\" sizes=\"(max-width: 210px) 100vw, 210px\" \/><\/a><\/p>\n<p>&nbsp;<\/p>\n<p><strong><em>Pozitivni primeri Razglednica iz Rekovca \u2013 Projekat se realizuje uz pomo\u0107 sredstava iz bud\u017eeta Op\u0161tine Rekovac.<\/em><\/strong><\/p>\n<p>&nbsp;<\/p>\n","protected":false},"excerpt":{"rendered":"<p>REKOVAC-Umetni\u010dki direktor 47. Sabora narodnog stvarala\u0161tva \u201cPro\u0111oh Leva\u010d, pro\u0111oh \u0160umadiju\u201d glumac Tihomir Arsi\u0107 izjavio je da je Ministarstvo kulture neodbravaju\u0107i sredstva za organizaciju SAbora pokazalo &hellip; <\/p>\n","protected":false},"author":4,"featured_media":3934,"comment_status":"open","ping_status":"open","sticky":false,"template":"","format":"standard","meta":{"footnotes":""},"categories":[1524,15,887,1519,12],"tags":[1071,1072,656],"_links":{"self":[{"href":"https:\/\/centralmedia.rs\/index.php\/wp-json\/wp\/v2\/posts\/4038"}],"collection":[{"href":"https:\/\/centralmedia.rs\/index.php\/wp-json\/wp\/v2\/posts"}],"about":[{"href":"https:\/\/centralmedia.rs\/index.php\/wp-json\/wp\/v2\/types\/post"}],"author":[{"embeddable":true,"href":"https:\/\/centralmedia.rs\/index.php\/wp-json\/wp\/v2\/users\/4"}],"replies":[{"embeddable":true,"href":"https:\/\/centralmedia.rs\/index.php\/wp-json\/wp\/v2\/comments?post=4038"}],"version-history":[{"count":0,"href":"https:\/\/centralmedia.rs\/index.php\/wp-json\/wp\/v2\/posts\/4038\/revisions"}],"wp:featuredmedia":[{"embeddable":true,"href":"https:\/\/centralmedia.rs\/index.php\/wp-json\/wp\/v2\/media\/3934"}],"wp:attachment":[{"href":"https:\/\/centralmedia.rs\/index.php\/wp-json\/wp\/v2\/media?parent=4038"}],"wp:term":[{"taxonomy":"category","embeddable":true,"href":"https:\/\/centralmedia.rs\/index.php\/wp-json\/wp\/v2\/categories?post=4038"},{"taxonomy":"post_tag","embeddable":true,"href":"https:\/\/centralmedia.rs\/index.php\/wp-json\/wp\/v2\/tags?post=4038"}],"curies":[{"name":"wp","href":"https:\/\/api.w.org\/{rel}","templated":true}]}}