{"id":40380,"date":"2024-11-22T21:04:20","date_gmt":"2024-11-22T20:04:20","guid":{"rendered":"https:\/\/centralmedia.rs\/?p=40380"},"modified":"2024-11-22T21:04:21","modified_gmt":"2024-11-22T20:04:21","slug":"preminuo-je-dragan-markovic-palma","status":"publish","type":"post","link":"https:\/\/centralmedia.rs\/index.php\/2024\/11\/22\/preminuo-je-dragan-markovic-palma\/","title":{"rendered":"PREMINUO JE DRAGAN MARKOVI\u0106 PALMA"},"content":{"rendered":"\n<p>Ve\u010deras je u 64. godini, posle kra\u0107e bolesti, preminuo Dragan Markovi\u0107 Palma, predsednik Jedinstvene Srbije, narodni poslanik i predsednik Skup\u0161tine grada Jagodina, saop\u0161teno je iz Jedinstvene Srbije.<\/p>\n\n\n\n<p>Dragan Markovi\u0107 Palma, ro\u0111en je 2. maja 1960. godine u selu Kon\u010darevu kraj Jagodine. Poti\u010de iz veoma vredne porodice koja se bavila poljoprivredom i maloprivredom, gde i sam sti\u010de radnu naviku. U mladosti se bavio sportom, a kasnije se iskazao kao priznati sportski radnik. Privatni je preduzetnik i osniva\u010d kompanije ATP \u201ePalma\u201c u \u010dijem sastavu je i televizija Palma plus. Dragan Markovi\u0107 je 1994. godine progla\u0161en za najboljeg preduzetnika Srbije,a 1995. godine i za najboljeg jugoslovenskog menad\u017eera. Narodni je poslanik u pet mandata, a 2003. godine bio je poslanik i u Skup\u0161tini Srbije i Crne Gore. Osniva\u010d je i predsednik stranke Jedinstvena Srbija. Od 2004. godine nalazi se na \u010delu grada Jagodine. Nosilac je zna\u010dajnog me\u0111unarodnog priznanja, titule Po\u010dasni gra\u0111anin grada Katerini u Gr\u010dkoj i Po\u010dasni senator Senata privrede Srbije, osnovanog u saradnji sa Senatom privrede Austrije. Po\u010dasni je konzul Republike Gr\u010dke u Srbiji. Kao veliki humanista za dosada\u0161nje rezultate i humanitarnu delatnost dobitnik je brojnih priznanja. 2006. godine Vladika \u0161umadijski Jovan uru\u010dio je Draganu Markovi\u0107u Palmi orden Svetog Simeona Miroto\u010divog Prvog stepena, kao najvi\u0161e priznanje eparhije \u0161umadijske. Sveti arhijerejski sinod SPC dodelio je Draganu Markovi\u0107u Palmi, visoko odlikovanje Srpske pravoslavne crkve \u2013 Orden Svetog Save Prvog stepena, koje mu je uru\u010dio Patrijarh srpski Irinej. Dragan Markovi\u0107 Palma sa porodicom i ATP \u201ePalma\u201c, koje je u vlasni\u0161tvu porodice Markovi\u0107, ktitori su hrama Svetog Jovana Krstitelja u Kon\u010darevu. O\u017eenjen je suprugom Sne\u017eanom, otac je sinova Dalibora i Darka, od kojih ima petoro unu\u010dadi.<\/p>\n\n\n\n<p>Ovo je nenadoknadiv gubitak za njegovu porodicu kojom se najvi\u0161e ponosio, za grad Jagodinu, za njegovu Jedinstvenu Srbiju, ali i za \u010ditavu Srbiju.<\/p>\n\n\n\n<p>O datumu sahrane javnost \u0107e biti obave\u0161tena naknadno.<\/p>\n","protected":false},"excerpt":{"rendered":"<p>Ve\u010deras je u 64. godini, posle kra\u0107e bolesti, preminuo Dragan Markovi\u0107 Palma, predsednik Jedinstvene Srbije, narodni poslanik i predsednik Skup\u0161tine grada Jagodina, saop\u0161teno je iz &hellip; <\/p>\n","protected":false},"author":2,"featured_media":40381,"comment_status":"closed","ping_status":"open","sticky":false,"template":"","format":"standard","meta":{"footnotes":""},"categories":[1524,20,2,1514,12],"tags":[6753,187],"_links":{"self":[{"href":"https:\/\/centralmedia.rs\/index.php\/wp-json\/wp\/v2\/posts\/40380"}],"collection":[{"href":"https:\/\/centralmedia.rs\/index.php\/wp-json\/wp\/v2\/posts"}],"about":[{"href":"https:\/\/centralmedia.rs\/index.php\/wp-json\/wp\/v2\/types\/post"}],"author":[{"embeddable":true,"href":"https:\/\/centralmedia.rs\/index.php\/wp-json\/wp\/v2\/users\/2"}],"replies":[{"embeddable":true,"href":"https:\/\/centralmedia.rs\/index.php\/wp-json\/wp\/v2\/comments?post=40380"}],"version-history":[{"count":1,"href":"https:\/\/centralmedia.rs\/index.php\/wp-json\/wp\/v2\/posts\/40380\/revisions"}],"predecessor-version":[{"id":40382,"href":"https:\/\/centralmedia.rs\/index.php\/wp-json\/wp\/v2\/posts\/40380\/revisions\/40382"}],"wp:featuredmedia":[{"embeddable":true,"href":"https:\/\/centralmedia.rs\/index.php\/wp-json\/wp\/v2\/media\/40381"}],"wp:attachment":[{"href":"https:\/\/centralmedia.rs\/index.php\/wp-json\/wp\/v2\/media?parent=40380"}],"wp:term":[{"taxonomy":"category","embeddable":true,"href":"https:\/\/centralmedia.rs\/index.php\/wp-json\/wp\/v2\/categories?post=40380"},{"taxonomy":"post_tag","embeddable":true,"href":"https:\/\/centralmedia.rs\/index.php\/wp-json\/wp\/v2\/tags?post=40380"}],"curies":[{"name":"wp","href":"https:\/\/api.w.org\/{rel}","templated":true}]}}