{"id":40466,"date":"2024-11-29T22:50:14","date_gmt":"2024-11-29T21:50:14","guid":{"rendered":"https:\/\/centralmedia.rs\/?p=40466"},"modified":"2024-11-29T22:50:14","modified_gmt":"2024-11-29T21:50:14","slug":"neopojane-zrtve-komunistickih-zlocina-ili-greh-danasnjih-generacija","status":"publish","type":"post","link":"https:\/\/centralmedia.rs\/index.php\/2024\/11\/29\/neopojane-zrtve-komunistickih-zlocina-ili-greh-danasnjih-generacija\/","title":{"rendered":"NEOPOJANE \u017dRTVE KOMUNISTI\u010cKIH ZLO\u010cINA ILI GREH DANA\u0160NJIH GENERACIJA"},"content":{"rendered":"\n<p>Navr\u0161eno je 80 godina od po\u010detka revolucionarnog zlo\u010dina, koji je po\u010deo u Srbiji ve\u0107 u oktobru 1944. Godine dolaskom Sovjetske armije, a potom nekoliko dana kasnije i prvih partizanskih jedinica iz Bosne.<\/p>\n\n\n\n<figure class=\"wp-block-gallery has-nested-images columns-default is-cropped wp-block-gallery-1 is-layout-flex wp-block-gallery-is-layout-flex\">\n<figure class=\"wp-block-image size-large\"><img loading=\"lazy\" decoding=\"async\" width=\"498\" height=\"1024\" data-id=\"40469\" src=\"https:\/\/centralmedia.rs\/wp-content\/uploads\/2024\/11\/zrtve-498x1024.jpg\" alt=\"\" class=\"wp-image-40469\" srcset=\"https:\/\/centralmedia.rs\/wp-content\/uploads\/2024\/11\/zrtve-498x1024.jpg 498w, https:\/\/centralmedia.rs\/wp-content\/uploads\/2024\/11\/zrtve-146x300.jpg 146w, https:\/\/centralmedia.rs\/wp-content\/uploads\/2024\/11\/zrtve-768x1580.jpg 768w, https:\/\/centralmedia.rs\/wp-content\/uploads\/2024\/11\/zrtve-747x1536.jpg 747w, https:\/\/centralmedia.rs\/wp-content\/uploads\/2024\/11\/zrtve.jpg 875w\" sizes=\"(max-width: 498px) 100vw, 498px\" \/><\/figure>\n\n\n\n<figure class=\"wp-block-image size-large\"><img loading=\"lazy\" decoding=\"async\" width=\"498\" height=\"1024\" data-id=\"40472\" src=\"https:\/\/centralmedia.rs\/wp-content\/uploads\/2024\/11\/zrtve1-498x1024.jpg\" alt=\"\" class=\"wp-image-40472\" srcset=\"https:\/\/centralmedia.rs\/wp-content\/uploads\/2024\/11\/zrtve1-498x1024.jpg 498w, https:\/\/centralmedia.rs\/wp-content\/uploads\/2024\/11\/zrtve1-146x300.jpg 146w, https:\/\/centralmedia.rs\/wp-content\/uploads\/2024\/11\/zrtve1-768x1580.jpg 768w, https:\/\/centralmedia.rs\/wp-content\/uploads\/2024\/11\/zrtve1-747x1536.jpg 747w, https:\/\/centralmedia.rs\/wp-content\/uploads\/2024\/11\/zrtve1.jpg 875w\" sizes=\"(max-width: 498px) 100vw, 498px\" \/><\/figure>\n\n\n\n<figure class=\"wp-block-image size-large\"><img loading=\"lazy\" decoding=\"async\" width=\"665\" height=\"1024\" data-id=\"40468\" src=\"https:\/\/centralmedia.rs\/wp-content\/uploads\/2024\/11\/zrtve2-665x1024.jpg\" alt=\"\" class=\"wp-image-40468\" srcset=\"https:\/\/centralmedia.rs\/wp-content\/uploads\/2024\/11\/zrtve2-665x1024.jpg 665w, https:\/\/centralmedia.rs\/wp-content\/uploads\/2024\/11\/zrtve2-195x300.jpg 195w, https:\/\/centralmedia.rs\/wp-content\/uploads\/2024\/11\/zrtve2-768x1183.jpg 768w, https:\/\/centralmedia.rs\/wp-content\/uploads\/2024\/11\/zrtve2.jpg 875w\" sizes=\"(max-width: 665px) 100vw, 665px\" \/><\/figure>\n\n\n\n<figure class=\"wp-block-image size-large\"><img loading=\"lazy\" decoding=\"async\" width=\"1024\" height=\"498\" data-id=\"40471\" src=\"https:\/\/centralmedia.rs\/wp-content\/uploads\/2024\/11\/zrtve3-1024x498.jpg\" alt=\"\" class=\"wp-image-40471\" srcset=\"https:\/\/centralmedia.rs\/wp-content\/uploads\/2024\/11\/zrtve3-1024x498.jpg 1024w, https:\/\/centralmedia.rs\/wp-content\/uploads\/2024\/11\/zrtve3-300x146.jpg 300w, https:\/\/centralmedia.rs\/wp-content\/uploads\/2024\/11\/zrtve3-768x373.jpg 768w, https:\/\/centralmedia.rs\/wp-content\/uploads\/2024\/11\/zrtve3-1536x747.jpg 1536w, https:\/\/centralmedia.rs\/wp-content\/uploads\/2024\/11\/zrtve3-rotated.jpg 1800w\" sizes=\"(max-width: 1024px) 100vw, 1024px\" \/><\/figure>\n\n\n\n<figure class=\"wp-block-image size-large\"><img loading=\"lazy\" decoding=\"async\" width=\"498\" height=\"1024\" data-id=\"40470\" src=\"https:\/\/centralmedia.rs\/wp-content\/uploads\/2024\/11\/zrtve4-498x1024.jpg\" alt=\"\" class=\"wp-image-40470\" srcset=\"https:\/\/centralmedia.rs\/wp-content\/uploads\/2024\/11\/zrtve4-498x1024.jpg 498w, https:\/\/centralmedia.rs\/wp-content\/uploads\/2024\/11\/zrtve4-146x300.jpg 146w, https:\/\/centralmedia.rs\/wp-content\/uploads\/2024\/11\/zrtve4-768x1580.jpg 768w, https:\/\/centralmedia.rs\/wp-content\/uploads\/2024\/11\/zrtve4-747x1536.jpg 747w, https:\/\/centralmedia.rs\/wp-content\/uploads\/2024\/11\/zrtve4-rotated.jpg 875w\" sizes=\"(max-width: 498px) 100vw, 498px\" \/><\/figure>\n<\/figure>\n\n\n\n<p>Paralelno sa osvajanjem pojedinih krajeva Srbije do Nemaca intenzivno se obavljao proces ,,\u010di\u0161\u0107enja narodnih neprijatelja\u201c kroz\u00a0 la\u017ene optu\u017ebe za ratne zo\u010dine i kolaboraciju, \u0161to je predhodilo masovim streljanjima u kojima je prema dosada\u0161njoj prikupljenoj evidenciji na najsvirepiji na\u010din\u00a0 ubijeno preko 80 hiljada Srba i to nije kraj jer su naslednici komunisti\u010dke vlasti uni\u0161tili dokumentaciju i dokaze. Glavni razlozi tog ,,\u010di\u0161\u0107enja\u201c su bili elementi klasne i politi\u010dke revolucije, Komunisti\u010dka partije Jugoslavije je jo\u0161 1928. godina na kongresu u Drezdenu kao glavni cilj proklamovala bukvalno uni\u0161tenje Srba i udru\u017eila se u tome sa Hrvatima i Musliamnima, \u00a0maskirani antifa\u0161isti\u010dkom retorikom, ali \u010desto i iz li\u010dne \u010diste osvete, materijalne dobiti, krijerizmom, anti\u0161ovinizom i drugo. Radost tada\u0161njeg stanovni\u0161tva Srbije zbog ste\u010dene slobode i poraza fa\u0161izma ubrzo je zamenjena novim okupacionim kominsti\u010dkim re\u017eimom \u0161to je mnogima vrlo brzo preselo na najsuroviji na\u010din. Na meti novih vlasti na\u0161ao se pre svega stari gra\u0111anski sloj: politi\u010dari, trgovci, sve\u0161tenici, zanatlije, advokati, profesori, uspe\u0161ni poljoprivrednici, koji su \u00a0bili u predratnoj i ratnoj administarciji ili su ne\u0161to zna\u010dili u javnom \u017eivotu a nisu bili levi\u010dari. U re\u017eiji OZNE krivica je kolektivizovana i sve se okona\u010davalo smrtnom presudom. U prvim danima ,,slobode\u201c ili nove okupacije komunisti\u010dkih zlo\u010dinaca ,,po\u010di\u0161\u0107eni\u201c su mnogi nevini ljudi, pravi ratni zlo\u010dinci su ve\u0107 bili izbegli. Kasnije objavljena dokumenta ukazuju na postojanje direktiva za likvidaciju, odnosno planiranu aktivnost OZNE u eliminaciji klasnih i politi\u010dkih ,,neprijatelja\u201c, kolaboranata i ratnih zarobljenika bez su\u0111enja. Po obavljenom poslu izra\u0111ivali \u00a0su presude smo za vi\u0111enije ljude. Na bazi osnovne presude izra\u0111ivana su re\u0161enja o konfiskaciji imovine. Procene istori\u010dara o broju stradalih se kre\u0107u od 80.000 do 150.000. Komisija za tajne grobnice do sada je identifikovala oko 70.000 ljudi.\u00a0 Za Jagodininu je procena oko 3.500 \u017ertava. U taj broj uklju\u010deni su i oni koji su dovedeni iz bli\u017ee ili dalje okoline. \u00a0Najmasovnija streljanja vr\u0161ena su u novembru 1944. godine koji je u narodu ostao upam\u0107en kao ,,krvavi\u201c novembar. Svim likvidacijama predhodila su zverska mu\u010denja, poni\u017eavanja neprimerana ljudima. Ljudi su na streljanja odvo\u0111eni u donjem ve\u0161u, vezani bodljikavom \u017eicom. Iza kolona streljanih i\u0161la su kola sa cisternom za vodu spirala krv sa kolovoza do Juhora do naselja Streli\u0161te. Niko nije uspeo da sazna mesto i izvu\u010de le\u0161 svog najbli\u017eeg kako bi ga sahranio. U Jagodini se ne mogu na\u0107i spiskovi streljanih i ta\u010dne lokacije masovnih grobnica. Pretpostavlja se da su spiskovi pogubljenih uni\u0161teni ili ih jo\u0161 \u010duvaju potomci istaknutih komunista u nasle\u0111enoj dokumentaciji. Mnogi Jagodinci nisu svesni da su njihove ku\u0107e ili stambene zgrade nalaze na grobovima nevinih \u017ertava-naselja Streli\u0161te i deo Tavri\u0107a obori obala pored reke Belice. Komunisti su namerno glavnoj ulici na Streli\u0161tu dali naziv generala \u017divorada Kosti\u0107a, koji je bio predsednik ,,prekog\u201c suda do maja 1945. godine. Tako je komusti\u010dki zlo\u010dinac dobio li\u010dno groblje svojih \u017ertava. Perverzno i zverski. On je donosio smrtne presude koje su izvr\u0161avane na Streli\u0161tu. General Kosti\u0107 je poginuo 1974. godine na putu ka tada\u0161njem Svetozarevu gde trebalo da mu uru\u010de Oktobarsku nagradu.<\/p>\n\n\n\n<p>I posle toliko decenija sakrivanja, \u010dekanja i sramote \u017eivih koji nisu ispunili jednu od osnovnih hri\u0161\u0107anskih obaveza i prema sebi i prema nevinim \u017ertvama &nbsp;postavlja se jedno sasvim logi\u010dno pitanje: Da li je u pitanju strah ili bizarna indiferentnost i nedostatak najosnovnijih moralnih skrupula. Po Jagodini postoje grobovi ku\u0107nih ljubimaca, ali Jagodinci nisu ni drvenim krstom obele\u017eili sva strati\u0161ta a kamoli popisali bar ve\u0107inu \u017ertava i zlo\u010dinaca rodomrzaca.<\/p>\n\n\n\n<p>Da li se vreme ispunilo?<\/p>\n\n\n\n<p>Moma Milanovi\u0107 Jagodina &nbsp;&nbsp;&nbsp;&nbsp;&nbsp;&nbsp;&nbsp;&nbsp;&nbsp;&nbsp;&nbsp;&nbsp;&nbsp;&nbsp;&nbsp;&nbsp;&nbsp;&nbsp;&nbsp;&nbsp;&nbsp;&nbsp;&nbsp;&nbsp;&nbsp;&nbsp;&nbsp;&nbsp;&nbsp;&nbsp;&nbsp;<\/p>\n","protected":false},"excerpt":{"rendered":"<p>Navr\u0161eno je 80 godina od po\u010detka revolucionarnog zlo\u010dina, koji je po\u010deo u Srbiji ve\u0107 u oktobru 1944. Godine dolaskom Sovjetske armije, a potom nekoliko dana &hellip; <\/p>\n","protected":false},"author":2,"featured_media":40467,"comment_status":"closed","ping_status":"open","sticky":false,"template":"","format":"standard","meta":{"footnotes":""},"categories":[14,1524,2,1514,12],"tags":[58,6766,6765],"_links":{"self":[{"href":"https:\/\/centralmedia.rs\/index.php\/wp-json\/wp\/v2\/posts\/40466"}],"collection":[{"href":"https:\/\/centralmedia.rs\/index.php\/wp-json\/wp\/v2\/posts"}],"about":[{"href":"https:\/\/centralmedia.rs\/index.php\/wp-json\/wp\/v2\/types\/post"}],"author":[{"embeddable":true,"href":"https:\/\/centralmedia.rs\/index.php\/wp-json\/wp\/v2\/users\/2"}],"replies":[{"embeddable":true,"href":"https:\/\/centralmedia.rs\/index.php\/wp-json\/wp\/v2\/comments?post=40466"}],"version-history":[{"count":1,"href":"https:\/\/centralmedia.rs\/index.php\/wp-json\/wp\/v2\/posts\/40466\/revisions"}],"predecessor-version":[{"id":40473,"href":"https:\/\/centralmedia.rs\/index.php\/wp-json\/wp\/v2\/posts\/40466\/revisions\/40473"}],"wp:featuredmedia":[{"embeddable":true,"href":"https:\/\/centralmedia.rs\/index.php\/wp-json\/wp\/v2\/media\/40467"}],"wp:attachment":[{"href":"https:\/\/centralmedia.rs\/index.php\/wp-json\/wp\/v2\/media?parent=40466"}],"wp:term":[{"taxonomy":"category","embeddable":true,"href":"https:\/\/centralmedia.rs\/index.php\/wp-json\/wp\/v2\/categories?post=40466"},{"taxonomy":"post_tag","embeddable":true,"href":"https:\/\/centralmedia.rs\/index.php\/wp-json\/wp\/v2\/tags?post=40466"}],"curies":[{"name":"wp","href":"https:\/\/api.w.org\/{rel}","templated":true}]}}