{"id":40476,"date":"2024-11-29T15:13:09","date_gmt":"2024-11-29T14:13:09","guid":{"rendered":"https:\/\/centralmedia.rs\/?p=40476"},"modified":"2024-12-01T05:21:54","modified_gmt":"2024-12-01T04:21:54","slug":"reakcija-na-odluku-parlamenta-australije-da-zabrani-koriscenje-drustvenih-mreza-za-decu-mladu-od-16-godina","status":"publish","type":"post","link":"https:\/\/centralmedia.rs\/index.php\/2024\/11\/29\/reakcija-na-odluku-parlamenta-australije-da-zabrani-koriscenje-drustvenih-mreza-za-decu-mladu-od-16-godina\/","title":{"rendered":"Reakcija na odluku parlamenta Australije da zabrani kori\u0161\u0107enje dru\u0161tvenih mre\u017ea za decu mla\u0111u od 16 godina"},"content":{"rendered":"\n<p>FONDACIJA \u201cUZMI KNJIGU\u201d: GLAVNU RE\u010c IMAJU RODITELJI, A NE DR\u017dAVA<\/p>\n\n\n\n<p>Osniva\u010d i upravitelj Fondacije \u201cUzmi knjigu\u201d, novinar Stevo Grkini\u0107 smatra da usvajanje zakona u parlamentu Australije o zabrani dru\u0161tvenih mre\u017ea za decu mla\u0111u od 16 godine ima argumente pro i contra. \u201cMe\u0111utim, glavnu re\u010d u vaspitavanju i pona\u0161anju dece, tako i u odnosu prema sadr\u017eajima sa dru\u0161tvenih mre\u017ea treba da imaju roditelji, a ne dr\u017eava. Australijski parlament je prvi na svetu uveo ovakvu zabranu kojom se tehnolo\u0161ke kompanije pozivaju na odgovornost da, kako se navodi u zakonu, \u201cpreduzemu korake\u201d da bi spre\u010dile maloletne korisnike da pristupe uslugama dru\u0161tvenih medija ili \u0107e se sou\u010diti sa kaznama od 30 miliona evra. Lepo zvu\u010di, ali \u2026 U odgajanju dece klju\u010dan je odnos dete \u2013 roditelji i to se na\u017ealost, najbolje moglo videti po tragedijama koje su zadesile Srbiju pro\u0161le godine, a gde se vidi katastrofalan uticaj dela sadr\u017eaja na dru\u0161tvenim mre\u017eama, ali pre svega katastrofalan odnos roditelja\u201d, ocenio je Grkini\u0107. \u201cMislim, pre svega, kao roditelj i deda, da su roditelji i porodica neprikosnoveno broj jedan, a&nbsp;&nbsp;zatim vrti\u0107, \u0161kola i okru\u017eenje, pa tek onda dr\u017eava, iako je dr\u017eava krovna, \u0161to se zakona ti\u010de. Fondacija \u201cUzmi knjigu\u201d je osnovana sa misijom, odnosno glavnim ciljem da kroz razne medijske i dru\u0161tvene akcije \u0161to je vi\u0161e mogu\u0107e u modernom dobu usmeri decu i omladinu sa ekrana na papir, odnosno \u201cuzmite knjige\u201d, iz vi\u0161e razloga, uklju\u010duju\u0107i i zdravstveni. Ne treba smetnuti sa uma i izreku \u201cNajsla\u0111e je zabranjeno vo\u0107e\u201d. Australijski premijer Entoni Albaneze rekao je poslanicima da se svaka ozbiljna vlada bori sa uticajem dru\u0161tvenih mre\u017ea na mlade ljude. Pozdravljamo, ali pre svega svaka porodica se mora boriti sa tim, ne sa zabranama, ve\u0107 sa vra\u0107anjem porodice porodici i tradiciji\u201d, zalju\u010dio je Stevo Grkini\u0107<\/p>\n\n\n\n<p><a href=\"https:\/\/www.facebook.com\/photo\/?fbid=587218340495135&amp;set=a.138286938721613&amp;__cft__%5b0%5d=AZUbDCpo9bKYIY0q6WR-YWwn6UBeGdiT8h2xN8pA7RKLA6W-8JHatr3fMsmNyYL14q8IA4oJvOc5fq9peiB0yN9odQJCLWnrkOLz4ZOw5syf-I8TyB1YlnvcDjsZlKXw5jotmtliyEXExgyrJZ0efFJhL6w4gvEltm4aV14ETuz8sZDqWobOd0SRyoYOsKmdBn0&amp;__tn__=EH-R\"><\/a><\/p>\n\n\n\n<p><a href=\"https:\/\/www.facebook.com\/photo\/?fbid=587218340495135&amp;set=a.138286938721613&amp;__cft__%5b0%5d=AZUbDCpo9bKYIY0q6WR-YWwn6UBeGdiT8h2xN8pA7RKLA6W-8JHatr3fMsmNyYL14q8IA4oJvOc5fq9peiB0yN9odQJCLWnrkOLz4ZOw5syf-I8TyB1YlnvcDjsZlKXw5jotmtliyEXExgyrJZ0efFJhL6w4gvEltm4aV14ETuz8sZDqWobOd0SRyoYOsKmdBn0&amp;__tn__=EH-R\">&nbsp;<\/a><\/p>\n","protected":false},"excerpt":{"rendered":"<p>FONDACIJA \u201cUZMI KNJIGU\u201d: GLAVNU RE\u010c IMAJU RODITELJI, A NE DR\u017dAVA Osniva\u010d i upravitelj Fondacije \u201cUzmi knjigu\u201d, novinar Stevo Grkini\u0107 smatra da usvajanje zakona u parlamentu &hellip; <\/p>\n","protected":false},"author":2,"featured_media":40477,"comment_status":"closed","ping_status":"open","sticky":false,"template":"","format":"standard","meta":{"footnotes":""},"categories":[14,1524,2,1514,12],"tags":[6420],"_links":{"self":[{"href":"https:\/\/centralmedia.rs\/index.php\/wp-json\/wp\/v2\/posts\/40476"}],"collection":[{"href":"https:\/\/centralmedia.rs\/index.php\/wp-json\/wp\/v2\/posts"}],"about":[{"href":"https:\/\/centralmedia.rs\/index.php\/wp-json\/wp\/v2\/types\/post"}],"author":[{"embeddable":true,"href":"https:\/\/centralmedia.rs\/index.php\/wp-json\/wp\/v2\/users\/2"}],"replies":[{"embeddable":true,"href":"https:\/\/centralmedia.rs\/index.php\/wp-json\/wp\/v2\/comments?post=40476"}],"version-history":[{"count":1,"href":"https:\/\/centralmedia.rs\/index.php\/wp-json\/wp\/v2\/posts\/40476\/revisions"}],"predecessor-version":[{"id":40478,"href":"https:\/\/centralmedia.rs\/index.php\/wp-json\/wp\/v2\/posts\/40476\/revisions\/40478"}],"wp:featuredmedia":[{"embeddable":true,"href":"https:\/\/centralmedia.rs\/index.php\/wp-json\/wp\/v2\/media\/40477"}],"wp:attachment":[{"href":"https:\/\/centralmedia.rs\/index.php\/wp-json\/wp\/v2\/media?parent=40476"}],"wp:term":[{"taxonomy":"category","embeddable":true,"href":"https:\/\/centralmedia.rs\/index.php\/wp-json\/wp\/v2\/categories?post=40476"},{"taxonomy":"post_tag","embeddable":true,"href":"https:\/\/centralmedia.rs\/index.php\/wp-json\/wp\/v2\/tags?post=40476"}],"curies":[{"name":"wp","href":"https:\/\/api.w.org\/{rel}","templated":true}]}}