{"id":40479,"date":"2024-11-30T15:16:34","date_gmt":"2024-11-30T14:16:34","guid":{"rendered":"https:\/\/centralmedia.rs\/?p=40479"},"modified":"2024-12-01T05:21:40","modified_gmt":"2024-12-01T04:21:40","slug":"obelezeno-80-godina-od-krvavog-novembra-u-jagodini-i-pocetka-komunistickog-genocida-nad-srbima","status":"publish","type":"post","link":"https:\/\/centralmedia.rs\/index.php\/2024\/11\/30\/obelezeno-80-godina-od-krvavog-novembra-u-jagodini-i-pocetka-komunistickog-genocida-nad-srbima\/","title":{"rendered":"OBELE\u017dENO 80 GODINA OD ,,KRVAVOG\u201c NOVEMBRA U JAGODINI I PO\u010cETKA KOMUNISTI\u010cKOG GENOCIDA NAD SRBIMA"},"content":{"rendered":"\n<p>,,Kravavi\u201c novembar 1944. godine u Jagodini i Srbiji bi\u0107e zauvek upam\u0107en po po\u010detku sistematskih likvidacija nevinog stanovni\u0161tva posle ,,osloba\u0111anja\u201c u drugom svetskom ratu, kada je ubijeno izme\u0111u 70.000 i 150.000 ljudi bez prava na su\u0111enje, jednostepenim odlukama prekih sudova Rankovi\u0107a i Krcuna, a po direktivama Tita i Milovana \u0110ilasa da je \u201eSrbija je okupirana, pokorena zemlja i ona mora da se tako ose\u0107a\u201d.<\/p>\n\n\n\n<figure class=\"wp-block-image size-large\"><img loading=\"lazy\" decoding=\"async\" width=\"498\" height=\"1024\" src=\"https:\/\/centralmedia.rs\/wp-content\/uploads\/2024\/12\/spomenik-498x1024.jpg\" alt=\"\" class=\"wp-image-40481\" srcset=\"https:\/\/centralmedia.rs\/wp-content\/uploads\/2024\/12\/spomenik-498x1024.jpg 498w, https:\/\/centralmedia.rs\/wp-content\/uploads\/2024\/12\/spomenik-146x300.jpg 146w, https:\/\/centralmedia.rs\/wp-content\/uploads\/2024\/12\/spomenik-768x1580.jpg 768w, https:\/\/centralmedia.rs\/wp-content\/uploads\/2024\/12\/spomenik-747x1536.jpg 747w, https:\/\/centralmedia.rs\/wp-content\/uploads\/2024\/12\/spomenik.jpg 875w\" sizes=\"(max-width: 498px) 100vw, 498px\" \/><\/figure>\n\n\n\n<figure class=\"wp-block-gallery has-nested-images columns-default is-cropped wp-block-gallery-1 is-layout-flex wp-block-gallery-is-layout-flex\">\n<figure class=\"wp-block-image size-large\"><img loading=\"lazy\" decoding=\"async\" width=\"1024\" height=\"498\" data-id=\"40482\" src=\"https:\/\/centralmedia.rs\/wp-content\/uploads\/2024\/12\/crkva-1024x498.jpg\" alt=\"\" class=\"wp-image-40482\" srcset=\"https:\/\/centralmedia.rs\/wp-content\/uploads\/2024\/12\/crkva-1024x498.jpg 1024w, https:\/\/centralmedia.rs\/wp-content\/uploads\/2024\/12\/crkva-300x146.jpg 300w, https:\/\/centralmedia.rs\/wp-content\/uploads\/2024\/12\/crkva-768x373.jpg 768w, https:\/\/centralmedia.rs\/wp-content\/uploads\/2024\/12\/crkva-1536x747.jpg 1536w, https:\/\/centralmedia.rs\/wp-content\/uploads\/2024\/12\/crkva.jpg 1800w\" sizes=\"(max-width: 1024px) 100vw, 1024px\" \/><\/figure>\n\n\n\n<figure class=\"wp-block-image size-large\"><img loading=\"lazy\" decoding=\"async\" width=\"1024\" height=\"498\" data-id=\"40483\" src=\"https:\/\/centralmedia.rs\/wp-content\/uploads\/2024\/12\/parastos-1024x498.jpg\" alt=\"\" class=\"wp-image-40483\" srcset=\"https:\/\/centralmedia.rs\/wp-content\/uploads\/2024\/12\/parastos-1024x498.jpg 1024w, https:\/\/centralmedia.rs\/wp-content\/uploads\/2024\/12\/parastos-300x146.jpg 300w, https:\/\/centralmedia.rs\/wp-content\/uploads\/2024\/12\/parastos-768x373.jpg 768w, https:\/\/centralmedia.rs\/wp-content\/uploads\/2024\/12\/parastos-1536x747.jpg 1536w, https:\/\/centralmedia.rs\/wp-content\/uploads\/2024\/12\/parastos.jpg 1800w\" sizes=\"(max-width: 1024px) 100vw, 1024px\" \/><\/figure>\n\n\n\n<figure class=\"wp-block-image size-large\"><img loading=\"lazy\" decoding=\"async\" width=\"1024\" height=\"498\" data-id=\"40484\" src=\"https:\/\/centralmedia.rs\/wp-content\/uploads\/2024\/12\/parastos1-1024x498.jpg\" alt=\"\" class=\"wp-image-40484\" srcset=\"https:\/\/centralmedia.rs\/wp-content\/uploads\/2024\/12\/parastos1-1024x498.jpg 1024w, https:\/\/centralmedia.rs\/wp-content\/uploads\/2024\/12\/parastos1-300x146.jpg 300w, https:\/\/centralmedia.rs\/wp-content\/uploads\/2024\/12\/parastos1-768x373.jpg 768w, https:\/\/centralmedia.rs\/wp-content\/uploads\/2024\/12\/parastos1-1536x747.jpg 1536w, https:\/\/centralmedia.rs\/wp-content\/uploads\/2024\/12\/parastos1.jpg 1800w\" sizes=\"(max-width: 1024px) 100vw, 1024px\" \/><\/figure>\n<\/figure>\n\n\n\n<p> U Jagodini je posle ,,oslobo\u0111enja\u201d formiran preki sud na \u010delu sa najmla\u0111im predsednikom \u017divoradom Kosti\u0107em (21). Taj mladi\u0107 je do maja 1945. godine preko 3.000 ljudi osudio na smrt u najgorim mukama. Kasnije je unapre\u0111en u \u010din general- majora. Njegovo ime nosi glavna ulica u naselju Streli\u0161te, gde je bilo najve\u0107e gubili\u0161te,a streljanje je vr\u0161eno na jo\u0161 nekoliko lokacija na Brionima na Velikoj Moravi, pored sada\u0161nje trase auto puta u pravcu Rakitova i bagremaru na \u0110ur\u0111evom Brdu. Nevini gra\u0111ani dovo\u0111eni su u Jagodinu iz gradova u centralnoj Srbiji. \u017divorad Kosti\u0107 je rodnog Donjeg Ljube\u0161a priveo tridesetak ljudi, kojima se grubi svaki trag. U podrumu starog Juhora vr\u0161eno je isle\u0111ivanje, prebijanje i poni\u017eavnje po\u0161tenih i najumnijih ljudi tog vremena. Od Juhora do Streli\u0161ta cisterna je svakog jutra prala krv sa kaldrme. Na masovnu grobnicu, gde je sada crkva Pokrova Presvete Bogorodice, kasnije su naslednici zlo\u010dinaca bacali gra\u0111evinski otpad i beton, a ni\u017ee ka gradu gradili su na grobovima stambeno naselje i sportske terene, kao i ugostiteljske objekte u \u0161an\u010devima, gde su bacali likvidirane, pored puta ka Liparu. Danas je u crkvi Pokrova Presvete Bogorodice povodom 80 godina od ,,krvavog \u201c novembra u Jagodini i po\u010detka masovnih hap\u0161enja i likvidacija slu\u017een parastos nevinim Srbima, \u017ertvama komunisti\u010dkog genocida. Parastosu i odavanju po\u0161te nevinim \u017ertvama komunista u Jagodini prisustvali su Bunt &#8211; prava Srbija Du\u0161an Markovi\u0107, POKS Goran Jeli\u010di\u0107 i Narodna stranka, kao i Ravnogorci iz Jagodine i Despotovca.<\/p>\n","protected":false},"excerpt":{"rendered":"<p>,,Kravavi\u201c novembar 1944. godine u Jagodini i Srbiji bi\u0107e zauvek upam\u0107en po po\u010detku sistematskih likvidacija nevinog stanovni\u0161tva posle ,,osloba\u0111anja\u201c u drugom svetskom ratu, kada je &hellip; <\/p>\n","protected":false},"author":2,"featured_media":40480,"comment_status":"closed","ping_status":"open","sticky":false,"template":"","format":"standard","meta":{"footnotes":""},"categories":[14,1524,2,1514,12],"tags":[5127,6767],"_links":{"self":[{"href":"https:\/\/centralmedia.rs\/index.php\/wp-json\/wp\/v2\/posts\/40479"}],"collection":[{"href":"https:\/\/centralmedia.rs\/index.php\/wp-json\/wp\/v2\/posts"}],"about":[{"href":"https:\/\/centralmedia.rs\/index.php\/wp-json\/wp\/v2\/types\/post"}],"author":[{"embeddable":true,"href":"https:\/\/centralmedia.rs\/index.php\/wp-json\/wp\/v2\/users\/2"}],"replies":[{"embeddable":true,"href":"https:\/\/centralmedia.rs\/index.php\/wp-json\/wp\/v2\/comments?post=40479"}],"version-history":[{"count":1,"href":"https:\/\/centralmedia.rs\/index.php\/wp-json\/wp\/v2\/posts\/40479\/revisions"}],"predecessor-version":[{"id":40485,"href":"https:\/\/centralmedia.rs\/index.php\/wp-json\/wp\/v2\/posts\/40479\/revisions\/40485"}],"wp:featuredmedia":[{"embeddable":true,"href":"https:\/\/centralmedia.rs\/index.php\/wp-json\/wp\/v2\/media\/40480"}],"wp:attachment":[{"href":"https:\/\/centralmedia.rs\/index.php\/wp-json\/wp\/v2\/media?parent=40479"}],"wp:term":[{"taxonomy":"category","embeddable":true,"href":"https:\/\/centralmedia.rs\/index.php\/wp-json\/wp\/v2\/categories?post=40479"},{"taxonomy":"post_tag","embeddable":true,"href":"https:\/\/centralmedia.rs\/index.php\/wp-json\/wp\/v2\/tags?post=40479"}],"curies":[{"name":"wp","href":"https:\/\/api.w.org\/{rel}","templated":true}]}}