{"id":40488,"date":"2024-11-30T16:20:49","date_gmt":"2024-11-30T15:20:49","guid":{"rendered":"https:\/\/centralmedia.rs\/?p=40488"},"modified":"2024-12-01T05:22:41","modified_gmt":"2024-12-01T04:22:41","slug":"masovna-tuca-u-jagodini-ima-tesko-povredenih-grupa-nasilnika-pretukla-porodicu-u-jagodini","status":"publish","type":"post","link":"https:\/\/centralmedia.rs\/index.php\/2024\/11\/30\/masovna-tuca-u-jagodini-ima-tesko-povredenih-grupa-nasilnika-pretukla-porodicu-u-jagodini\/","title":{"rendered":"MASOVNA TU\u010cA U JAGODINI, IMA TE\u0160KO POVRE\u0110ENIH GRUPA NASILNIKA PRETUKLA PORODICU U JAGODINI"},"content":{"rendered":"\n<p>Grupa od tridesetak poznatih nasilnika, me\u0111u kojima su deca visokih oficira policije, fizi\u010dki je pretukla kai\u0161evima, rukama i nogama porodicu iz Jagodine, nezvani\u010dno saznajemo. Oni su do\u0161li do kapije te porodice pozivali su ih da iza\u0111u i kada su roditelji i deca iza\u0161li iz dvori\u0161ta da bi ih smirili oko 3 sata posle pono\u0107i, oni su ih pretukli. Ceo doga\u0111aj odigrao se pro\u0161le nedelje. Nasilnici su se posle intervencije policije razbe\u017eali. U nastavku tog nemilog doga\u0111aja, mladi\u0107 koji je bio u dru\u0161tvu sa napadnutom porodicom, prilikom povratka ku\u0107i napadnut je od strane vi\u0161e mladi\u0107a iz te grupe. U odbranu \u017eivota on je o\u0161trim predmetom naneo povrede opasne po \u017eivot jednom od mladi\u0107a iz grupe, ali je zadobio i on rasekotine i druge povrede. Saznajemo da je mladi\u0107 je uhap\u0161en i odre\u0111en mu je pritvor do 30 dana, tako\u0111e je nekoliko mladi\u0107a iz te grupe nasilnika osumnji\u010deno za napad na mladi\u0107a. Grupa nasilnika godinama terori\u0161e gra\u0111ane Jagodine, nanose\u0107i te\u0161ke povrede mladi\u0107ima sa kojima su u sukobu a \u010dak su napadali i starije sugra\u0111ane, njihovi roditelji to znaju i podr\u017eavaju takvo pona\u0161anje kao model odrastanja, ali po pravilu izbegavaju ruku pravde. Deluju uvek u grupi, predstavljaju se kao navija\u010di, ali iza svega je golo nasilje i za\u0161tita mo\u0107nika. Za\u0161to nadle\u017ene dr\u017eavne institucije \u0107ute godinama o ovom nasilju i ne preduzimaju ni\u0161ta? Mo\u017eda se \u010deka da neko pogine?<\/p>\n","protected":false},"excerpt":{"rendered":"<p>Grupa od tridesetak poznatih nasilnika, me\u0111u kojima su deca visokih oficira policije, fizi\u010dki je pretukla kai\u0161evima, rukama i nogama porodicu iz Jagodine, nezvani\u010dno saznajemo. Oni &hellip; <\/p>\n","protected":false},"author":2,"featured_media":40489,"comment_status":"closed","ping_status":"open","sticky":false,"template":"","format":"standard","meta":{"footnotes":""},"categories":[1524,20,2,1514,12],"tags":[5300,6106,6161],"_links":{"self":[{"href":"https:\/\/centralmedia.rs\/index.php\/wp-json\/wp\/v2\/posts\/40488"}],"collection":[{"href":"https:\/\/centralmedia.rs\/index.php\/wp-json\/wp\/v2\/posts"}],"about":[{"href":"https:\/\/centralmedia.rs\/index.php\/wp-json\/wp\/v2\/types\/post"}],"author":[{"embeddable":true,"href":"https:\/\/centralmedia.rs\/index.php\/wp-json\/wp\/v2\/users\/2"}],"replies":[{"embeddable":true,"href":"https:\/\/centralmedia.rs\/index.php\/wp-json\/wp\/v2\/comments?post=40488"}],"version-history":[{"count":2,"href":"https:\/\/centralmedia.rs\/index.php\/wp-json\/wp\/v2\/posts\/40488\/revisions"}],"predecessor-version":[{"id":40491,"href":"https:\/\/centralmedia.rs\/index.php\/wp-json\/wp\/v2\/posts\/40488\/revisions\/40491"}],"wp:featuredmedia":[{"embeddable":true,"href":"https:\/\/centralmedia.rs\/index.php\/wp-json\/wp\/v2\/media\/40489"}],"wp:attachment":[{"href":"https:\/\/centralmedia.rs\/index.php\/wp-json\/wp\/v2\/media?parent=40488"}],"wp:term":[{"taxonomy":"category","embeddable":true,"href":"https:\/\/centralmedia.rs\/index.php\/wp-json\/wp\/v2\/categories?post=40488"},{"taxonomy":"post_tag","embeddable":true,"href":"https:\/\/centralmedia.rs\/index.php\/wp-json\/wp\/v2\/tags?post=40488"}],"curies":[{"name":"wp","href":"https:\/\/api.w.org\/{rel}","templated":true}]}}