{"id":4049,"date":"2016-08-03T12:52:48","date_gmt":"2016-08-03T12:52:48","guid":{"rendered":"http:\/\/centralmedia.rs\/?p=4049"},"modified":"2016-08-03T12:52:48","modified_gmt":"2016-08-03T12:52:48","slug":"skandal-u-jagodinskoj-gradskoj-upravi-sef-sa-falisifkovanom-diplomom","status":"publish","type":"post","link":"https:\/\/centralmedia.rs\/index.php\/2016\/08\/03\/skandal-u-jagodinskoj-gradskoj-upravi-sef-sa-falisifkovanom-diplomom\/","title":{"rendered":"SKANDAL  U JAGODINSKOJ GRADSKOJ UPRAVI &#8211; \u0160EFOVAO 11 GODINA SA FALISIFKOVANOM DIPLOMOM"},"content":{"rendered":"<p>JAGODINA-Gradsku upravu u Jagodini potresa skandal, \u0161ef veoma ,,osetljive \u201c inspekcije 11 godina radio sa   falisfikovanom diplomom. Dok tu\u017eila\u0161tvo i policija dodatno proveravaju i ispituju autenti\u010dnost njegove diplome, on je uzeo odmor i predao zahtev za raskid ugovora o radu.<br \/>\nKlupko je po\u010delo da se odmotava 20. aprila kada je Agencija za borbu protiv korupcije tu\u017eila\u0161tvu ukazala na sumnju zloupotrebe i nezakonitosti prilikom prijema u radni odnos lica koja ne ispunjavaju zakonske uslove za prijem u radni odnos u gradskoj upravi u Jagodini, potvr\u0111uje u saop\u0161tenju Osnovno javno tu\u017eila\u0161tvo u tom gradu i dodaje da se u prijavi te agencije izme\u0111u ostalog navodi ime \u0161efa inspekcije. To tu\u017eila\u0161tvo je od policijske uprave u Jagodini zatra\u017eilo 12. maja da se izvr\u0161e potrebne provere. O\u010dekuje se zvani\u010dan izve\u0161taj o tome.<br \/>\nKako nezvani\u010dno saznajemo ta sumnja je potvr\u0111ena za jednog od pouzdanih \u0161efova veoma ,,osetljive\u201d inspekcije, ali kada je \u0161ef pre nekoliko nedelja zatra\u017eio sporazumni raskid ugovora o radu i oti\u0161ao na odmor i zaposlenima u Gradskoj upravi je bilo jasno da je tim \u010dinom priznao krivicu. On radi 11 godina u toj inspekciji kao \u0161ef i ako se sud potvrdi sumnju da je njegova diploma falisikovana, sem krivi\u010dne osude, mora\u0107e da vrati sve zarade koje su mu ispla\u0107ene u brutu iznosu, a koje su u nekim periodima ,,debelo&#8221; prelazile 100.000 dinara. Posebno je pitanje re\u0161enja koja je donosio, overavao i potpisivao, jer \u0107e sada strane koje nisu bile zadovoljne mo\u0107i da osporavaju ta dokumenta, a re\u010d je o hiljadama predmeta.  <\/p>\n","protected":false},"excerpt":{"rendered":"<p>JAGODINA-Gradsku upravu u Jagodini potresa skandal, \u0161ef veoma ,,osetljive \u201c inspekcije 11 godina radio sa falisfikovanom diplomom. Dok tu\u017eila\u0161tvo i policija dodatno proveravaju i ispituju &hellip; <\/p>\n","protected":false},"author":4,"featured_media":4050,"comment_status":"open","ping_status":"open","sticky":false,"template":"","format":"standard","meta":{"footnotes":""},"categories":[20,2],"tags":[1079,58,1080,1078],"_links":{"self":[{"href":"https:\/\/centralmedia.rs\/index.php\/wp-json\/wp\/v2\/posts\/4049"}],"collection":[{"href":"https:\/\/centralmedia.rs\/index.php\/wp-json\/wp\/v2\/posts"}],"about":[{"href":"https:\/\/centralmedia.rs\/index.php\/wp-json\/wp\/v2\/types\/post"}],"author":[{"embeddable":true,"href":"https:\/\/centralmedia.rs\/index.php\/wp-json\/wp\/v2\/users\/4"}],"replies":[{"embeddable":true,"href":"https:\/\/centralmedia.rs\/index.php\/wp-json\/wp\/v2\/comments?post=4049"}],"version-history":[{"count":0,"href":"https:\/\/centralmedia.rs\/index.php\/wp-json\/wp\/v2\/posts\/4049\/revisions"}],"wp:featuredmedia":[{"embeddable":true,"href":"https:\/\/centralmedia.rs\/index.php\/wp-json\/wp\/v2\/media\/4050"}],"wp:attachment":[{"href":"https:\/\/centralmedia.rs\/index.php\/wp-json\/wp\/v2\/media?parent=4049"}],"wp:term":[{"taxonomy":"category","embeddable":true,"href":"https:\/\/centralmedia.rs\/index.php\/wp-json\/wp\/v2\/categories?post=4049"},{"taxonomy":"post_tag","embeddable":true,"href":"https:\/\/centralmedia.rs\/index.php\/wp-json\/wp\/v2\/tags?post=4049"}],"curies":[{"name":"wp","href":"https:\/\/api.w.org\/{rel}","templated":true}]}}