{"id":40528,"date":"2024-11-29T13:38:33","date_gmt":"2024-11-29T12:38:33","guid":{"rendered":"https:\/\/centralmedia.rs\/?p=40528"},"modified":"2024-12-05T22:07:54","modified_gmt":"2024-12-05T21:07:54","slug":"jedinstvena-srbija-i-sps-nastavljaju-bratsku-koaliciju-uz-punu-podrsku-drzavnoj-politici-predsednika-aleksandra-vucica","status":"publish","type":"post","link":"https:\/\/centralmedia.rs\/index.php\/2024\/11\/29\/jedinstvena-srbija-i-sps-nastavljaju-bratsku-koaliciju-uz-punu-podrsku-drzavnoj-politici-predsednika-aleksandra-vucica\/","title":{"rendered":"JEDINSTVENA SRBIJA I SPS NASTAVLJAJU &#8220;BRATSKU KOALICIJU&#8221; UZ PUNU PODR\u0160KU DR\u017dAVNOJ POLITICI PREDSEDNIKA ALEKSANDRA VU\u010cI\u0106A"},"content":{"rendered":"\n<p>U prostorijama Jedinstvene Srbije u Beogradu odr\u017eana je konferencija za novinare na kojoj su govorili zamenik predsednika Jedinstvene Srbije \u017divota Star\u010devi\u0107 i predsednik SPS Ivica Da\u010di\u0107, a prisustvovali su, izmedju ostalih i potpredsednik Jedinstvene Srbije i sin Dragana Markovi\u0107a Palme Dalibor Markovi\u0107 i sin Ivice Da\u010di\u0107a Luka Da\u010di\u0107. &#8220;Politi\u010dka scena Srbije <a><\/a>ostala je bez \u010doveka koji je \u017eiveo za Srbiju i koji je, kao malo ko, su\u0161tinski razumeo Srbiju i njene gradjane. Doslednost u stavovima je jedna od najva\u017enijih osobina koje su karakterisale Dragana Markovi\u0107a Palmu. Upravo tu doslednost i taj patriotizam je nama u Jedinstvenoj Srbiji ostavio u amanet&#8221;, rekao je Star\u010devi\u0107 zahvaliv\u0161i se, kako je rekao, prijatelju i bratu Ivici Da\u010di\u0107u \u0161to u\u010destvuje na ovoj konferenciji za novinare. Star\u010devi\u0107 je rekao da \u0107e Jedinstvena Srbija nastaviti da se bori za najvi\u0161i politi\u010dki cilj dr\u017eave Srbije, a to je, kako i ime stranke ka\u017ee, jedinstvena Srbija, kako u smislu teritorijalnog integriteta i suvereniteta, tako i u smislu nacionalnog i politi\u010dkog jedinstva. &#8220;Na\u0161a poruka gradjanima Srbije je da nastavljamo tamo gde je stao na\u0161 Dragan Markovi\u0107 Palma i da\u0107emo sve svoje znanje i energiju u borbi za samostalnu, ekonomski sna\u017enu, doma\u0107insku, ali i modernu Srbiju zajedno sa SPS, SNS, Ivicom Da\u010di\u0107em i predsednikom Srbije Aleksandrom Vu\u010di\u0107em&#8221;, naglasio je \u017divota Star\u010devi\u0107.<\/p>\n\n\n\n<figure class=\"wp-block-image size-large\"><img loading=\"lazy\" decoding=\"async\" width=\"1024\" height=\"768\" src=\"https:\/\/centralmedia.rs\/wp-content\/uploads\/2024\/12\/js-bg1-1024x768.jpg\" alt=\"\" class=\"wp-image-40531\" srcset=\"https:\/\/centralmedia.rs\/wp-content\/uploads\/2024\/12\/js-bg1-1024x768.jpg 1024w, https:\/\/centralmedia.rs\/wp-content\/uploads\/2024\/12\/js-bg1-300x225.jpg 300w, https:\/\/centralmedia.rs\/wp-content\/uploads\/2024\/12\/js-bg1-768x576.jpg 768w, https:\/\/centralmedia.rs\/wp-content\/uploads\/2024\/12\/js-bg1-1536x1152.jpg 1536w, https:\/\/centralmedia.rs\/wp-content\/uploads\/2024\/12\/js-bg1.jpg 1600w\" sizes=\"(max-width: 1024px) 100vw, 1024px\" \/><\/figure>\n\n\n\n<figure class=\"wp-block-image size-large\"><img loading=\"lazy\" decoding=\"async\" width=\"1024\" height=\"768\" src=\"http:\/\/centralmedia.rs\/wp-content\/uploads\/2024\/12\/js-bg2-1024x768.jpg\" alt=\"\" class=\"wp-image-40530\" srcset=\"https:\/\/centralmedia.rs\/wp-content\/uploads\/2024\/12\/js-bg2-1024x768.jpg 1024w, https:\/\/centralmedia.rs\/wp-content\/uploads\/2024\/12\/js-bg2-300x225.jpg 300w, https:\/\/centralmedia.rs\/wp-content\/uploads\/2024\/12\/js-bg2-768x576.jpg 768w, https:\/\/centralmedia.rs\/wp-content\/uploads\/2024\/12\/js-bg2-1536x1152.jpg 1536w, https:\/\/centralmedia.rs\/wp-content\/uploads\/2024\/12\/js-bg2.jpg 1600w\" sizes=\"(max-width: 1024px) 100vw, 1024px\" \/><\/figure>\n\n\n\n<p>DA\u010cI\u0106 : NASTAVLJAMO NA\u0160 BRATSKI ODNOS<\/p>\n\n\n\n<p>&#8220;Ja sam danas do\u0161ao na konferenciju za novinare Jedinstvene Srbije da svojim prisustvom potvrdim kontinuitet na\u0161e bratske saradnje. SPS i Jedinstvena Srbija dele zajedni\u010dku ljubav prema Srbiji. Na\u0161a saradnja sa SNS i Aleksandrom Vu\u010di\u0107em upravo se bazira na zajedni\u010dkim ciljevima, a ne na interesima i idemo napred, da nastavimo na\u0161u veliku borbu za samostalnu, nezavisnu i ekonomski prosperitetnu Srbiju. Mi \u0107emo se sa Jedinstvenom Srbijom truditi da tekovine i ideje Dragana Markovi\u0107a Palme ostanu na\u0161e zajedni\u010dke. Nije samo odnos na\u0161e dve stranke bratski, ve\u0107 je i bratski odnos porodica Da\u010di\u0107 i Markovic. Jo\u0161 ne verujem da Dragana Markovi\u0107a Palme vi\u0161e nema, ali \u017eivot mora da ide dalje&#8221;, poru\u010dio je Ivica Da\u010di\u0107. Ovoj konferenciji za novinare prisustvovali su i potpredsednici i \u010dlanovi Predsednistva Jedinstvene Srbije Marija Jevdji\u0107, Dejan Mani\u0107, Dejan Ignjatovi\u0107, Marija Jovanovi\u0107, Zagorka Aleksi\u0107, Dejan Pisarevi\u0107, Marko Sto\u0161i\u0107, Ratko Stevanovi\u0107, Nenad Filipovi\u0107, Vojislav Vuji\u0107 i Stevo Grkini\u0107.<\/p>\n","protected":false},"excerpt":{"rendered":"<p>U prostorijama Jedinstvene Srbije u Beogradu odr\u017eana je konferencija za novinare na kojoj su govorili zamenik predsednika Jedinstvene Srbije \u017divota Star\u010devi\u0107 i predsednik SPS Ivica &hellip; <\/p>\n","protected":false},"author":2,"featured_media":40529,"comment_status":"closed","ping_status":"open","sticky":false,"template":"","format":"standard","meta":{"footnotes":""},"categories":[13,12],"tags":[6747,702,406],"_links":{"self":[{"href":"https:\/\/centralmedia.rs\/index.php\/wp-json\/wp\/v2\/posts\/40528"}],"collection":[{"href":"https:\/\/centralmedia.rs\/index.php\/wp-json\/wp\/v2\/posts"}],"about":[{"href":"https:\/\/centralmedia.rs\/index.php\/wp-json\/wp\/v2\/types\/post"}],"author":[{"embeddable":true,"href":"https:\/\/centralmedia.rs\/index.php\/wp-json\/wp\/v2\/users\/2"}],"replies":[{"embeddable":true,"href":"https:\/\/centralmedia.rs\/index.php\/wp-json\/wp\/v2\/comments?post=40528"}],"version-history":[{"count":1,"href":"https:\/\/centralmedia.rs\/index.php\/wp-json\/wp\/v2\/posts\/40528\/revisions"}],"predecessor-version":[{"id":40532,"href":"https:\/\/centralmedia.rs\/index.php\/wp-json\/wp\/v2\/posts\/40528\/revisions\/40532"}],"wp:featuredmedia":[{"embeddable":true,"href":"https:\/\/centralmedia.rs\/index.php\/wp-json\/wp\/v2\/media\/40529"}],"wp:attachment":[{"href":"https:\/\/centralmedia.rs\/index.php\/wp-json\/wp\/v2\/media?parent=40528"}],"wp:term":[{"taxonomy":"category","embeddable":true,"href":"https:\/\/centralmedia.rs\/index.php\/wp-json\/wp\/v2\/categories?post=40528"},{"taxonomy":"post_tag","embeddable":true,"href":"https:\/\/centralmedia.rs\/index.php\/wp-json\/wp\/v2\/tags?post=40528"}],"curies":[{"name":"wp","href":"https:\/\/api.w.org\/{rel}","templated":true}]}}