{"id":40545,"date":"2024-11-25T22:07:32","date_gmt":"2024-11-25T21:07:32","guid":{"rendered":"https:\/\/centralmedia.rs\/?p=40545"},"modified":"2024-12-05T22:07:44","modified_gmt":"2024-12-05T21:07:44","slug":"opstina-despotovac-dobila-sredstva-za-poboljsanje-uslova-zivota-interno-raseljenih-lica","status":"publish","type":"post","link":"https:\/\/centralmedia.rs\/index.php\/2024\/11\/25\/opstina-despotovac-dobila-sredstva-za-poboljsanje-uslova-zivota-interno-raseljenih-lica\/","title":{"rendered":"OP\u0160TINA DESPOTOVAC DOBILA SREDSTVA ZA POBOLj\u0160ANjE USLOVA \u017dIVOTA INTERNO RASELjENIH LICA"},"content":{"rendered":"\n<p>Zamenik predsednika Op\u0161tine Despotovac, Nemanja Radovanovi\u0107, potpisao Ugovor o dodeli sredstava za unapre\u0111enje uslova \u017eivota interno raseljenih lica sa Ministarstvom za rad, zapo\u0161ljavanje, bora\u010dka i socijalna pitanja. U ime Ministarstva Ugovor je potpisao dr\u017eavni sekretar, Ninoslav Jovanovi\u0107.<\/p>\n\n\n\n<figure class=\"wp-block-image size-full\"><img loading=\"lazy\" decoding=\"async\" width=\"870\" height=\"645\" src=\"https:\/\/centralmedia.rs\/wp-content\/uploads\/2024\/12\/interno-raseljeni.jpg\" alt=\"\" class=\"wp-image-40547\" srcset=\"https:\/\/centralmedia.rs\/wp-content\/uploads\/2024\/12\/interno-raseljeni.jpg 870w, https:\/\/centralmedia.rs\/wp-content\/uploads\/2024\/12\/interno-raseljeni-300x222.jpg 300w, https:\/\/centralmedia.rs\/wp-content\/uploads\/2024\/12\/interno-raseljeni-768x569.jpg 768w\" sizes=\"(max-width: 870px) 100vw, 870px\" \/><\/figure>\n\n\n\n<p>Ugovor je potpisan na osnovu Javnog poziva Komesarijata za izbeglice i migracije Republike Srbije, kojim su lokalnim samoupravama dodeljena sredstva za zavr\u0161etak ili adaptaciju stambenih objekata, kao i pomo\u0107 u gra\u0111evinskom materijalu. Op\u0161tina Despotovac je na osnovu ovog konkursa dobila sredstva u iznosu od 760.000,00 dinara, dok \u0107e iz bud\u017eeta op\u0161tine biti izdvojeno 40.000,00 dinara, \u010dime ukupna vrednost sredstava iznosi 800.000,00 dinara, koja \u0107e biti usmerena na stvaranje boljih uslova za sme\u0161taj interno raseljenih lica koja \u017eive na teritoriji op\u0161tine Despotovac.<\/p>\n","protected":false},"excerpt":{"rendered":"<p>Zamenik predsednika Op\u0161tine Despotovac, Nemanja Radovanovi\u0107, potpisao Ugovor o dodeli sredstava za unapre\u0111enje uslova \u017eivota interno raseljenih lica sa Ministarstvom za rad, zapo\u0161ljavanje, bora\u010dka i &hellip; <\/p>\n","protected":false},"author":2,"featured_media":40546,"comment_status":"closed","ping_status":"open","sticky":false,"template":"","format":"standard","meta":{"footnotes":""},"categories":[1518,1524,2,13,12],"tags":[51,6772],"_links":{"self":[{"href":"https:\/\/centralmedia.rs\/index.php\/wp-json\/wp\/v2\/posts\/40545"}],"collection":[{"href":"https:\/\/centralmedia.rs\/index.php\/wp-json\/wp\/v2\/posts"}],"about":[{"href":"https:\/\/centralmedia.rs\/index.php\/wp-json\/wp\/v2\/types\/post"}],"author":[{"embeddable":true,"href":"https:\/\/centralmedia.rs\/index.php\/wp-json\/wp\/v2\/users\/2"}],"replies":[{"embeddable":true,"href":"https:\/\/centralmedia.rs\/index.php\/wp-json\/wp\/v2\/comments?post=40545"}],"version-history":[{"count":1,"href":"https:\/\/centralmedia.rs\/index.php\/wp-json\/wp\/v2\/posts\/40545\/revisions"}],"predecessor-version":[{"id":40548,"href":"https:\/\/centralmedia.rs\/index.php\/wp-json\/wp\/v2\/posts\/40545\/revisions\/40548"}],"wp:featuredmedia":[{"embeddable":true,"href":"https:\/\/centralmedia.rs\/index.php\/wp-json\/wp\/v2\/media\/40546"}],"wp:attachment":[{"href":"https:\/\/centralmedia.rs\/index.php\/wp-json\/wp\/v2\/media?parent=40545"}],"wp:term":[{"taxonomy":"category","embeddable":true,"href":"https:\/\/centralmedia.rs\/index.php\/wp-json\/wp\/v2\/categories?post=40545"},{"taxonomy":"post_tag","embeddable":true,"href":"https:\/\/centralmedia.rs\/index.php\/wp-json\/wp\/v2\/tags?post=40545"}],"curies":[{"name":"wp","href":"https:\/\/api.w.org\/{rel}","templated":true}]}}