{"id":4055,"date":"2016-08-04T12:58:25","date_gmt":"2016-08-04T12:58:25","guid":{"rendered":"http:\/\/centralmedia.rs\/?p=4055"},"modified":"2017-01-20T01:09:56","modified_gmt":"2017-01-20T01:09:56","slug":"turci-otvaraju-fabriku-konfekcije-u-cupriji","status":"publish","type":"post","link":"https:\/\/centralmedia.rs\/index.php\/2016\/08\/04\/turci-otvaraju-fabriku-konfekcije-u-cupriji\/","title":{"rendered":"TURCI OTVARAJU FABRIKU KONFEKCIJE U \u0106UPRIJI-IZVOZE U EU I VELIKU BRITANIJU"},"content":{"rendered":"<p>\u0106UPRIJA-Turska tekstilna kompanija Tibet moda otvori\u0107e do kraja septembra pogon u \u0106upriji i do kraja godine zaposli\u0107e 250 radnika, a u naredne tri godine, prema biznis planu te kompanije, broj zaposlenih dosti\u0107i \u0107e 1.000, re\u010deno je danas prilikom potpisivanja ugovora izme\u0111u vlasnika te kompanije i predsednika Op\u0161tine \u0106uprija Ninoslava Eri\u0107a, koji je dodao da \u0107e kineska kompanija D\u017east du fajber realizovati investiciju proizvodnje vlakana vrednu 5 miliona evra i zaposliti u prvoj fazi 70 radnika. Kinezi su od firme Cari\u010din grad zakupili 5.700 kvadrata radi po\u010detka proizvodnje vlakana, a u drugoj fazi gradi\u0107e fabriku u Industrijskoj zoni. Ugovor je potpisan 1. avgusta. Turci su zakupili hale biv\u0161eg preduze\u0107a Mladost, koje su u vlasni\u0161tvu op\u0161tine. Po\u010detna investicija je oko 1,1 milion evra, a ma\u0161ine su ve\u0107 na carini.<\/p>\n<p><div id='gallery-1' class='gallery galleryid-4055 gallery-columns-3 gallery-size-large'><figure class='gallery-item'>\n\t\t\t<div class='gallery-icon landscape'>\n\t\t\t\t<a href='https:\/\/centralmedia.rs\/index.php\/2016\/08\/04\/turci-otvaraju-fabriku-konfekcije-u-cupriji\/tibetmoda-cuprija-g-j-1\/'><img loading=\"lazy\" decoding=\"async\" width=\"760\" height=\"599\" src=\"https:\/\/centralmedia.rs\/wp-content\/uploads\/2016\/08\/tibetmoda-cuprija-g.j-1.jpg\" class=\"attachment-large size-large\" alt=\"\" srcset=\"https:\/\/centralmedia.rs\/wp-content\/uploads\/2016\/08\/tibetmoda-cuprija-g.j-1.jpg 900w, https:\/\/centralmedia.rs\/wp-content\/uploads\/2016\/08\/tibetmoda-cuprija-g.j-1-300x236.jpg 300w, https:\/\/centralmedia.rs\/wp-content\/uploads\/2016\/08\/tibetmoda-cuprija-g.j-1-768x605.jpg 768w\" sizes=\"(max-width: 760px) 100vw, 760px\" \/><\/a>\n\t\t\t<\/div><\/figure><figure class='gallery-item'>\n\t\t\t<div class='gallery-icon landscape'>\n\t\t\t\t<a href='https:\/\/centralmedia.rs\/index.php\/2016\/08\/04\/turci-otvaraju-fabriku-konfekcije-u-cupriji\/tibetmoda-cuprija-g-j-3\/'><img loading=\"lazy\" decoding=\"async\" width=\"760\" height=\"546\" src=\"https:\/\/centralmedia.rs\/wp-content\/uploads\/2016\/08\/tibetmoda-cuprija-g.j-3.jpg\" class=\"attachment-large size-large\" alt=\"\" srcset=\"https:\/\/centralmedia.rs\/wp-content\/uploads\/2016\/08\/tibetmoda-cuprija-g.j-3.jpg 900w, https:\/\/centralmedia.rs\/wp-content\/uploads\/2016\/08\/tibetmoda-cuprija-g.j-3-300x215.jpg 300w, https:\/\/centralmedia.rs\/wp-content\/uploads\/2016\/08\/tibetmoda-cuprija-g.j-3-768x551.jpg 768w\" sizes=\"(max-width: 760px) 100vw, 760px\" \/><\/a>\n\t\t\t<\/div><\/figure><figure class='gallery-item'>\n\t\t\t<div class='gallery-icon landscape'>\n\t\t\t\t<a href='https:\/\/centralmedia.rs\/index.php\/2016\/08\/04\/turci-otvaraju-fabriku-konfekcije-u-cupriji\/tibetmoda-cuprija-g-j-4\/'><img loading=\"lazy\" decoding=\"async\" width=\"760\" height=\"562\" src=\"https:\/\/centralmedia.rs\/wp-content\/uploads\/2016\/08\/tibetmoda-cuprija-g.j-4.jpg\" class=\"attachment-large size-large\" alt=\"\" srcset=\"https:\/\/centralmedia.rs\/wp-content\/uploads\/2016\/08\/tibetmoda-cuprija-g.j-4.jpg 900w, https:\/\/centralmedia.rs\/wp-content\/uploads\/2016\/08\/tibetmoda-cuprija-g.j-4-300x222.jpg 300w, https:\/\/centralmedia.rs\/wp-content\/uploads\/2016\/08\/tibetmoda-cuprija-g.j-4-768x568.jpg 768w, https:\/\/centralmedia.rs\/wp-content\/uploads\/2016\/08\/tibetmoda-cuprija-g.j-4-80x60.jpg 80w\" sizes=\"(max-width: 760px) 100vw, 760px\" \/><\/a>\n\t\t\t<\/div><\/figure>\n\t\t<\/div>\n<br \/>\n-Ovo je veliki dan za \u0106upriju, o\u017eivljavanje industrije, o\u017eivljavanje grada, po\u010detak onoga \u0161to smo dugo pripremali. \u010cestitam Tibet modi jer znam da su obilazili druge gradove, ali su shvatili da je \u0106uprija pravi grad za njih. Zapu\u0161tenu halu i upravnu zgradu biv\u0161e Mladosti op\u0161tina je kupila i danas smo sa Tibet modom potpisli zakup tih prostorija. Turci su naveli da su najbitniji radnici, jer ne mogu da komuniciraju sa ma\u0161inama. Zato je njihova \u017eelja da se uposli \u0161to ve\u0107i broj \u0106upri\u010dana na obostrano zadovoljstvo, rekao je Eri\u0107.<br \/>\n-Godinu dana smo u Srbiji, tra\u017eili smo potencijalne lokacije. Najbolje uslove imamo za investiciju u \u0106upriji. Konfekciju koju \u0107emo raditi u \u0106upriji plasira\u0107emo na tr\u017ei\u0161te dr\u017eava EU i Velike Britanije, istakao je jedan od vlasnika konfekcije Galip Akurt.<br \/>\n-U ponedeljak po\u010dinju razgovori sa potencijalnim radnicima. \u017delja nam je da svi budu zadovoljni sa na\u0161om investicijom. \u017delimo da kroz obuku radnici nau\u010de \u0161ta je moda i da se stalno usavr\u0161avaju, ka\u017ee jedan od vlasnika te konfekcije Melih Sengul.<\/p>\n<p><strong><em>Pozitivni primeri Razglednica iz <\/em><\/strong><strong><em>\u0106uprije<\/em><\/strong><strong><em> \u2013 Projekat se realizuje uz pomo\u0107 sredstava iz bud\u017eeta Op\u0161tine \u0106uprija.<\/em><\/strong><\/p>\n<p>&nbsp;<\/p>\n","protected":false},"excerpt":{"rendered":"<p>\u0106UPRIJA-Turska tekstilna kompanija Tibet moda otvori\u0107e do kraja septembra pogon u \u0106upriji i do kraja godine zaposli\u0107e 250 radnika, a u naredne tri godine, prema &hellip; <\/p>\n","protected":false},"author":4,"featured_media":4056,"comment_status":"open","ping_status":"open","sticky":false,"template":"","format":"standard","meta":{"footnotes":""},"categories":[22,1515,1524,2,887],"tags":[44,1085,1077,1084],"_links":{"self":[{"href":"https:\/\/centralmedia.rs\/index.php\/wp-json\/wp\/v2\/posts\/4055"}],"collection":[{"href":"https:\/\/centralmedia.rs\/index.php\/wp-json\/wp\/v2\/posts"}],"about":[{"href":"https:\/\/centralmedia.rs\/index.php\/wp-json\/wp\/v2\/types\/post"}],"author":[{"embeddable":true,"href":"https:\/\/centralmedia.rs\/index.php\/wp-json\/wp\/v2\/users\/4"}],"replies":[{"embeddable":true,"href":"https:\/\/centralmedia.rs\/index.php\/wp-json\/wp\/v2\/comments?post=4055"}],"version-history":[{"count":0,"href":"https:\/\/centralmedia.rs\/index.php\/wp-json\/wp\/v2\/posts\/4055\/revisions"}],"wp:featuredmedia":[{"embeddable":true,"href":"https:\/\/centralmedia.rs\/index.php\/wp-json\/wp\/v2\/media\/4056"}],"wp:attachment":[{"href":"https:\/\/centralmedia.rs\/index.php\/wp-json\/wp\/v2\/media?parent=4055"}],"wp:term":[{"taxonomy":"category","embeddable":true,"href":"https:\/\/centralmedia.rs\/index.php\/wp-json\/wp\/v2\/categories?post=4055"},{"taxonomy":"post_tag","embeddable":true,"href":"https:\/\/centralmedia.rs\/index.php\/wp-json\/wp\/v2\/tags?post=4055"}],"curies":[{"name":"wp","href":"https:\/\/api.w.org\/{rel}","templated":true}]}}