{"id":40560,"date":"2024-12-03T22:16:49","date_gmt":"2024-12-03T21:16:49","guid":{"rendered":"https:\/\/centralmedia.rs\/?p=40560"},"modified":"2024-12-05T22:19:52","modified_gmt":"2024-12-05T21:19:52","slug":"svetlost-freskopisa-crkve-paracinske","status":"publish","type":"post","link":"https:\/\/centralmedia.rs\/index.php\/2024\/12\/03\/svetlost-freskopisa-crkve-paracinske\/","title":{"rendered":"SVET(L)OST FRESKOPISA CRKVE PARA\u0106INSKE"},"content":{"rendered":"\n<p>U prostorijama RISC-a 18. izlo\u017eba umetni\u010dkog fotografa Bojana Bokca Petrovi\u0107a pod nazivom ,,Svet(l)ost freskopisa crkve para\u0107inske\u201d. Postavku \u010dini 51 fotografija fresaka razli\u010ditih formata kojima je oslikana para\u0107inska Crkva Svete Trojice \u010dini novu,\u00a0 koja je otvorena u galeriji RISC-a.<\/p>\n\n\n\n<figure class=\"wp-block-gallery has-nested-images columns-default is-cropped wp-block-gallery-1 is-layout-flex wp-block-gallery-is-layout-flex\">\n<figure class=\"wp-block-image size-large\"><img loading=\"lazy\" decoding=\"async\" width=\"1024\" height=\"768\" data-id=\"40562\" src=\"https:\/\/centralmedia.rs\/wp-content\/uploads\/2024\/12\/bokac1-1024x768.jpg\" alt=\"\" class=\"wp-image-40562\" srcset=\"https:\/\/centralmedia.rs\/wp-content\/uploads\/2024\/12\/bokac1-1024x768.jpg 1024w, https:\/\/centralmedia.rs\/wp-content\/uploads\/2024\/12\/bokac1-300x225.jpg 300w, https:\/\/centralmedia.rs\/wp-content\/uploads\/2024\/12\/bokac1-768x576.jpg 768w, https:\/\/centralmedia.rs\/wp-content\/uploads\/2024\/12\/bokac1-1536x1152.jpg 1536w, https:\/\/centralmedia.rs\/wp-content\/uploads\/2024\/12\/bokac1.jpg 1600w\" sizes=\"(max-width: 1024px) 100vw, 1024px\" \/><\/figure>\n\n\n\n<figure class=\"wp-block-image size-large\"><img loading=\"lazy\" decoding=\"async\" width=\"1024\" height=\"768\" data-id=\"40563\" src=\"https:\/\/centralmedia.rs\/wp-content\/uploads\/2024\/12\/bokac2-1024x768.jpg\" alt=\"\" class=\"wp-image-40563\" srcset=\"https:\/\/centralmedia.rs\/wp-content\/uploads\/2024\/12\/bokac2-1024x768.jpg 1024w, https:\/\/centralmedia.rs\/wp-content\/uploads\/2024\/12\/bokac2-300x225.jpg 300w, https:\/\/centralmedia.rs\/wp-content\/uploads\/2024\/12\/bokac2-768x576.jpg 768w, https:\/\/centralmedia.rs\/wp-content\/uploads\/2024\/12\/bokac2-1536x1152.jpg 1536w, https:\/\/centralmedia.rs\/wp-content\/uploads\/2024\/12\/bokac2.jpg 1600w\" sizes=\"(max-width: 1024px) 100vw, 1024px\" \/><\/figure>\n\n\n\n<figure class=\"wp-block-image size-large\"><img loading=\"lazy\" decoding=\"async\" width=\"1024\" height=\"768\" data-id=\"40564\" src=\"https:\/\/centralmedia.rs\/wp-content\/uploads\/2024\/12\/bokac3-1024x768.jpg\" alt=\"\" class=\"wp-image-40564\" srcset=\"https:\/\/centralmedia.rs\/wp-content\/uploads\/2024\/12\/bokac3-1024x768.jpg 1024w, https:\/\/centralmedia.rs\/wp-content\/uploads\/2024\/12\/bokac3-300x225.jpg 300w, https:\/\/centralmedia.rs\/wp-content\/uploads\/2024\/12\/bokac3-768x576.jpg 768w, https:\/\/centralmedia.rs\/wp-content\/uploads\/2024\/12\/bokac3-1536x1152.jpg 1536w, https:\/\/centralmedia.rs\/wp-content\/uploads\/2024\/12\/bokac3.jpg 1600w\" sizes=\"(max-width: 1024px) 100vw, 1024px\" \/><\/figure>\n\n\n\n<figure class=\"wp-block-image size-large\"><img loading=\"lazy\" decoding=\"async\" width=\"1024\" height=\"768\" data-id=\"40565\" src=\"https:\/\/centralmedia.rs\/wp-content\/uploads\/2024\/12\/bokac4-1024x768.jpg\" alt=\"\" class=\"wp-image-40565\" srcset=\"https:\/\/centralmedia.rs\/wp-content\/uploads\/2024\/12\/bokac4-1024x768.jpg 1024w, https:\/\/centralmedia.rs\/wp-content\/uploads\/2024\/12\/bokac4-300x225.jpg 300w, https:\/\/centralmedia.rs\/wp-content\/uploads\/2024\/12\/bokac4-768x576.jpg 768w, https:\/\/centralmedia.rs\/wp-content\/uploads\/2024\/12\/bokac4-1536x1152.jpg 1536w, https:\/\/centralmedia.rs\/wp-content\/uploads\/2024\/12\/bokac4.jpg 1600w\" sizes=\"(max-width: 1024px) 100vw, 1024px\" \/><\/figure>\n<\/figure>\n\n\n\n<p> Re\u010d je o projektu koji je sufinansiran iz bud\u017eeta Op\u0161tine Para\u0107in po konkursu za projekte u kulturi, a ideja se rodila u dogovoru sa sve\u0161tenstvom Crkve kako bi se dokumentovale nedavno izra\u0111ene freske \u2013 umetni\u010dki rad ikonopisca Petra i njegovih sinova Milo\u0161a, Nikole i Stefana. Petrovi\u0107 je fotografisao freske nakon dobijenog blagoslova, a fotografije je od\u0161tampao posle vi\u0161e proba na razli\u010ditim materijalima. Nakon izlo\u017ebe svako ko \u017eeli da u svom domu ima jedan od ovih radova, koji \u0107e imati I sertifikat o autenti\u010dnosti, a samim tim i blagoslov sve\u0161tenstva, mo\u0107i \u0107e na bankovni ra\u010dun crkve Sv. Trojice da uplati odre\u0111enu donaciju koja bi trebalo da bude ve\u0107a od cene \u0161tampe i ramljenja tog istog dela, i sa uplatnicom podi\u0107i ikonu koju je izrazio \u017eelju da poseduje.\u00a0 Donacijom prikupljenom na ovaj na\u010din nastavi\u0107e se obnova hrama para\u0107inskog Sv.Trojice i na taj na\u010din svim vernicima ulep\u0161ati, pobolj\u0161ati boravak u samoj crkvi.<\/p>\n","protected":false},"excerpt":{"rendered":"<p>U prostorijama RISC-a 18. izlo\u017eba umetni\u010dkog fotografa Bojana Bokca Petrovi\u0107a pod nazivom ,,Svet(l)ost freskopisa crkve para\u0107inske\u201d. Postavku \u010dini 51 fotografija fresaka razli\u010ditih formata kojima je &hellip; <\/p>\n","protected":false},"author":2,"featured_media":40561,"comment_status":"closed","ping_status":"open","sticky":false,"template":"","format":"standard","meta":{"footnotes":""},"categories":[1524,2,15,1516,12],"tags":[4866,6775,6774,156],"_links":{"self":[{"href":"https:\/\/centralmedia.rs\/index.php\/wp-json\/wp\/v2\/posts\/40560"}],"collection":[{"href":"https:\/\/centralmedia.rs\/index.php\/wp-json\/wp\/v2\/posts"}],"about":[{"href":"https:\/\/centralmedia.rs\/index.php\/wp-json\/wp\/v2\/types\/post"}],"author":[{"embeddable":true,"href":"https:\/\/centralmedia.rs\/index.php\/wp-json\/wp\/v2\/users\/2"}],"replies":[{"embeddable":true,"href":"https:\/\/centralmedia.rs\/index.php\/wp-json\/wp\/v2\/comments?post=40560"}],"version-history":[{"count":1,"href":"https:\/\/centralmedia.rs\/index.php\/wp-json\/wp\/v2\/posts\/40560\/revisions"}],"predecessor-version":[{"id":40566,"href":"https:\/\/centralmedia.rs\/index.php\/wp-json\/wp\/v2\/posts\/40560\/revisions\/40566"}],"wp:featuredmedia":[{"embeddable":true,"href":"https:\/\/centralmedia.rs\/index.php\/wp-json\/wp\/v2\/media\/40561"}],"wp:attachment":[{"href":"https:\/\/centralmedia.rs\/index.php\/wp-json\/wp\/v2\/media?parent=40560"}],"wp:term":[{"taxonomy":"category","embeddable":true,"href":"https:\/\/centralmedia.rs\/index.php\/wp-json\/wp\/v2\/categories?post=40560"},{"taxonomy":"post_tag","embeddable":true,"href":"https:\/\/centralmedia.rs\/index.php\/wp-json\/wp\/v2\/tags?post=40560"}],"curies":[{"name":"wp","href":"https:\/\/api.w.org\/{rel}","templated":true}]}}