{"id":40585,"date":"2024-11-29T22:27:05","date_gmt":"2024-11-29T21:27:05","guid":{"rendered":"https:\/\/centralmedia.rs\/?p=40585"},"modified":"2024-12-05T22:27:18","modified_gmt":"2024-12-05T21:27:18","slug":"odrzana-12-sednica-so-paracin","status":"publish","type":"post","link":"https:\/\/centralmedia.rs\/index.php\/2024\/11\/29\/odrzana-12-sednica-so-paracin\/","title":{"rendered":"ODR\u017dANA 12. SEDNICA SO PARA\u0106IN"},"content":{"rendered":"\n<p>Sednica Skup\u0161tine op\u0161tine Para\u0107in sa 25 ta\u010daka dnevnog reda po\u010dela minutom \u0107utanja za tragedi\u010dno nastradale \u017ertve u Novom Sadu, kao i za sugra\u0111anku Anju Radonji\u0107. Nakon \u0161to je usvojen zapisnik sa 11. skup\u0161tine, na 12. sednici odbornici su doneli Odluku o usvajanju Izve\u0161taja o izve\u0161avanju bud\u017eeta op\u0161tine Para\u0107in za period od 1.1.2024. do 30.09.2024.<\/p>\n\n\n\n<figure class=\"wp-block-gallery has-nested-images columns-default is-cropped wp-block-gallery-1 is-layout-flex wp-block-gallery-is-layout-flex\">\n<figure class=\"wp-block-image size-large\"><img loading=\"lazy\" decoding=\"async\" width=\"1024\" height=\"768\" data-id=\"40587\" src=\"https:\/\/centralmedia.rs\/wp-content\/uploads\/2024\/12\/so-paracin2-1024x768.jpg\" alt=\"\" class=\"wp-image-40587\" srcset=\"https:\/\/centralmedia.rs\/wp-content\/uploads\/2024\/12\/so-paracin2-1024x768.jpg 1024w, https:\/\/centralmedia.rs\/wp-content\/uploads\/2024\/12\/so-paracin2-300x225.jpg 300w, https:\/\/centralmedia.rs\/wp-content\/uploads\/2024\/12\/so-paracin2-768x576.jpg 768w, https:\/\/centralmedia.rs\/wp-content\/uploads\/2024\/12\/so-paracin2-1536x1152.jpg 1536w, https:\/\/centralmedia.rs\/wp-content\/uploads\/2024\/12\/so-paracin2.jpg 1600w\" sizes=\"(max-width: 1024px) 100vw, 1024px\" \/><\/figure>\n\n\n\n<figure class=\"wp-block-image size-large\"><img loading=\"lazy\" decoding=\"async\" width=\"1024\" height=\"768\" data-id=\"40588\" src=\"https:\/\/centralmedia.rs\/wp-content\/uploads\/2024\/12\/so-paracin3-1024x768.jpg\" alt=\"\" class=\"wp-image-40588\" srcset=\"https:\/\/centralmedia.rs\/wp-content\/uploads\/2024\/12\/so-paracin3-1024x768.jpg 1024w, https:\/\/centralmedia.rs\/wp-content\/uploads\/2024\/12\/so-paracin3-300x225.jpg 300w, https:\/\/centralmedia.rs\/wp-content\/uploads\/2024\/12\/so-paracin3-768x576.jpg 768w, https:\/\/centralmedia.rs\/wp-content\/uploads\/2024\/12\/so-paracin3-1536x1152.jpg 1536w, https:\/\/centralmedia.rs\/wp-content\/uploads\/2024\/12\/so-paracin3.jpg 1600w\" sizes=\"(max-width: 1024px) 100vw, 1024px\" \/><\/figure>\n\n\n\n<figure class=\"wp-block-image size-large\"><img loading=\"lazy\" decoding=\"async\" width=\"1024\" height=\"768\" data-id=\"40589\" src=\"https:\/\/centralmedia.rs\/wp-content\/uploads\/2024\/12\/so-paracin-1024x768.jpg\" alt=\"\" class=\"wp-image-40589\" srcset=\"https:\/\/centralmedia.rs\/wp-content\/uploads\/2024\/12\/so-paracin-1024x768.jpg 1024w, https:\/\/centralmedia.rs\/wp-content\/uploads\/2024\/12\/so-paracin-300x225.jpg 300w, https:\/\/centralmedia.rs\/wp-content\/uploads\/2024\/12\/so-paracin-768x576.jpg 768w, https:\/\/centralmedia.rs\/wp-content\/uploads\/2024\/12\/so-paracin-1536x1152.jpg 1536w, https:\/\/centralmedia.rs\/wp-content\/uploads\/2024\/12\/so-paracin.jpg 1600w\" sizes=\"(max-width: 1024px) 100vw, 1024px\" \/><\/figure>\n<\/figure>\n\n\n\n<p> Nakon objedinjene rasprave Skup\u0161tina je donela Odluku o bud\u017eetu op\u0161tine za 2025. godinu, kao i Kadrovski plan Op\u0161tinske uprave op\u0161tine Para\u0107in za 2025. godinu. Odbornici su nakon objedinjene rasprave usvojili Predlog i doneli Plan detaljne regulacije za blok &#8220;Po\u0161ta&#8221; u Para\u0107inu, kao i Odluku o izradi izmene i dopune &#8220;Plana generalne regulacije naseljenog mesta Para\u0107in&#8221;. Na dana\u0161njoj sednici SO je usvojila Predlog i donela re\u0161enje o davanju saglasnosti na Aneks I Ugovora o subvenciji za 2024. godinu izme\u0111u op\u0161tine Para\u0107in i RISC-a. Nakon objedinjene rasprave odbornici su izglasali Re\u0161enje o davanju saglasnosti na Odluku o izmeni Pravilnika o radu Javnog preduze\u0107a za kori\u0161\u0107enje i upravljanje poslovnim prostorom &#8220;Poslovni centar&#8221; od 17.10.2024. SO Para\u0107in donela je Re\u0161enje o davanju saglasnosti na Tre\u0107i izmenu i dopunu Programa poslovanja sa finansijskim planom JP Poslovni centar za 2024. godinu sa Odlukom NO o usvajanju iste. Ve\u0107inom glasova, odbornici su usvojili Predlog i doneli Re\u0161enja o davanju saglasnosti na Tre\u0107u izmenu i dopunu Programa poslovanja sa finansijskim planom JKP &#8220;Crnica&#8221; za period 2024-2026. sa Odlukom NO o usvajanju iste. Nakon objedinjene rasprave, Skup\u0161tina je usvojila predlog i donela Re\u0161enje o usvajanju Izve\u0161taja o stepenu uskla\u0111enosti planiranih i realizovanih aktivnosti iz programa poslovanja za period 1.1.2024.-30.9.2024. sa Odlukom NO Javnog preduze\u0107a za kori\u0161\u0107enje i upravljanje poslovnim prostorom Poslovni centar Para\u0107in, zatim Re\u0161enje o usvajanju Izve\u0161taja o stepenu uskla\u0111enosti planiranih i realizovanih aktivnosti iz programa poslovanja za period 1.1.2024.-30.9.2024. sa Odlukom NO JKP &#8220;Crnica&#8221; Para\u0107in, kao i Re\u0161enje o usvajanju Informacije o stepenu uskla\u0111enosti planiranih i realizovanih aktivnosti iz programa poslovanja javnih preduze\u0107a, dru\u0161tava kapitala i drugih oblika organizovanja na koja se primenjuje Zakon o javnim preduze\u0107ima, a \u010diji je osniva\u010d Op\u0161tina Para\u0107in za period od 1.1.2024. do 30.9.2024. godine. Odbornici su nakon objedinjene rasprave usvojili predlog i doneli Odluku za davanje u zakup zemlji\u0161ta u dr\u017eavnoj svojini Sa\u0161i Luki\u0107u koji je podneo zahtev za zakup zemlji\u0161ta za javno nadmetanje 50 u KO Bo\u0161njane,\u00a0 zatim Odluku za davanje u zakup zemlji\u0161ta u dr\u017eavnoj svojini Sa\u0161i Luki\u0107u koji je podneo zahtev za zakup zemlji\u0161ta za javno nadmetanje 55 u KO Bo\u0161njane. Skup\u0161tina je usvojila predlog i donela Odluku za davanje u zakup poljoprivrednog zemlji\u0161ta u dr\u017eavnoj svojini Jasmini Radojkovi\u0107 koja je podnela zahtev za zakup zemlji\u0161ta za javno nadmetanje 80 u KO Bo\u0161njane, zatim Odluku za davanje u zakup poljoprivrednog zemlji\u0161ta u dr\u017eavnoj svojini Sa\u0161i Luki\u0107u koji je podneo zahtev za zakup zemlji\u0161ta za javno nadmetanje 90 u KO Bo\u0161njane. Na dana\u0161njoj sednici Skup\u0161tina je donela Re\u0161enje o razre\u0161enju o imenovanju \u010dlanova \u0161kolskih odbora u OM\u0160 &#8220;Milenko \u017divkovi\u0107&#8221;, O\u0160 &#8220;Branko Radi\u010devi\u0107&#8221; i &#8220;Branko Krsmanovi\u0107&#8221;. Ve\u0107inom glasova odobornici su doneli Re\u0161enje o utvr\u0111ivanju prestanka du\u017enosti dosada\u0161njem vr\u0161iocu du\u017enosti direktora Op\u0161tinske stambene agencije Para\u0107in, kao i o imenovanju vr\u0161ioca du\u017enosti direktora Op\u0161tinske stambene agencije Para\u0107in.<\/p>\n","protected":false},"excerpt":{"rendered":"<p>Sednica Skup\u0161tine op\u0161tine Para\u0107in sa 25 ta\u010daka dnevnog reda po\u010dela minutom \u0107utanja za tragedi\u010dno nastradale \u017ertve u Novom Sadu, kao i za sugra\u0111anku Anju Radonji\u0107. &hellip; <\/p>\n","protected":false},"author":2,"featured_media":40586,"comment_status":"closed","ping_status":"open","sticky":false,"template":"","format":"standard","meta":{"footnotes":""},"categories":[1524,2,1516,13,12],"tags":[6777],"_links":{"self":[{"href":"https:\/\/centralmedia.rs\/index.php\/wp-json\/wp\/v2\/posts\/40585"}],"collection":[{"href":"https:\/\/centralmedia.rs\/index.php\/wp-json\/wp\/v2\/posts"}],"about":[{"href":"https:\/\/centralmedia.rs\/index.php\/wp-json\/wp\/v2\/types\/post"}],"author":[{"embeddable":true,"href":"https:\/\/centralmedia.rs\/index.php\/wp-json\/wp\/v2\/users\/2"}],"replies":[{"embeddable":true,"href":"https:\/\/centralmedia.rs\/index.php\/wp-json\/wp\/v2\/comments?post=40585"}],"version-history":[{"count":1,"href":"https:\/\/centralmedia.rs\/index.php\/wp-json\/wp\/v2\/posts\/40585\/revisions"}],"predecessor-version":[{"id":40590,"href":"https:\/\/centralmedia.rs\/index.php\/wp-json\/wp\/v2\/posts\/40585\/revisions\/40590"}],"wp:featuredmedia":[{"embeddable":true,"href":"https:\/\/centralmedia.rs\/index.php\/wp-json\/wp\/v2\/media\/40586"}],"wp:attachment":[{"href":"https:\/\/centralmedia.rs\/index.php\/wp-json\/wp\/v2\/media?parent=40585"}],"wp:term":[{"taxonomy":"category","embeddable":true,"href":"https:\/\/centralmedia.rs\/index.php\/wp-json\/wp\/v2\/categories?post=40585"},{"taxonomy":"post_tag","embeddable":true,"href":"https:\/\/centralmedia.rs\/index.php\/wp-json\/wp\/v2\/tags?post=40585"}],"curies":[{"name":"wp","href":"https:\/\/api.w.org\/{rel}","templated":true}]}}