{"id":40600,"date":"2024-12-06T23:19:37","date_gmt":"2024-12-06T22:19:37","guid":{"rendered":"https:\/\/centralmedia.rs\/?p=40600"},"modified":"2024-12-06T23:19:38","modified_gmt":"2024-12-06T22:19:38","slug":"promocija-monografije-sveta-gora-perivoj-presvete-bogorodice-dragana-jemuovica","status":"publish","type":"post","link":"https:\/\/centralmedia.rs\/index.php\/2024\/12\/06\/promocija-monografije-sveta-gora-perivoj-presvete-bogorodice-dragana-jemuovica\/","title":{"rendered":"PROMOCIJA MONOGRAFIJE &#8221; SVETA GORA &#8211; PERIVOJ PRESVETE BOGORODICE&#8221; &#8211; DRAGANA JEMUOVI\u0106A"},"content":{"rendered":"\n<p>U Kulturnom centru u Para\u0107inu u utorak 10. decembra u 18 sati bi\u0107e predstavljena jedinstvena knjiga \u2013 monografija &#8221; Sveta Gora &#8211; Perivoj Presvete Bogorodice&#8221; &#8211; Dragana Jemuovi\u0107a.<\/p>\n\n\n\n<figure class=\"wp-block-image size-large\"><img loading=\"lazy\" decoding=\"async\" width=\"819\" height=\"1024\" src=\"http:\/\/centralmedia.rs\/wp-content\/uploads\/2024\/12\/KNJIGA-819x1024.jpg\" alt=\"\" class=\"wp-image-40601\" srcset=\"https:\/\/centralmedia.rs\/wp-content\/uploads\/2024\/12\/KNJIGA-819x1024.jpg 819w, https:\/\/centralmedia.rs\/wp-content\/uploads\/2024\/12\/KNJIGA-240x300.jpg 240w, https:\/\/centralmedia.rs\/wp-content\/uploads\/2024\/12\/KNJIGA-768x960.jpg 768w, https:\/\/centralmedia.rs\/wp-content\/uploads\/2024\/12\/KNJIGA-1229x1536.jpg 1229w, https:\/\/centralmedia.rs\/wp-content\/uploads\/2024\/12\/KNJIGA.jpg 1440w\" sizes=\"(max-width: 819px) 100vw, 819px\" \/><\/figure>\n\n\n\n<p>\u201e\u010cesti boravci na Atosu opredelili su autora ove monografije da studiozno analizira prostor Svete Gore, upozna se sa na\u010dinom \u017eivota monaha i pravilima pona\u0161anja koja tamo va\u017ee. Po zanimanju prostorni planer, Jemuovi\u0107 je upotrebio svoje stru\u010dno znanje da prika\u017ee i opi\u0161e gotovo sve tamo\u0161nje objekte. Sa\u010dinio je i svojevrsnu bazu podataka sa vi\u0161e fotografija za svaki od objekata&#8221;.<\/p>\n\n\n\n<p>Ova monografija dragocen je doprinos upoznavanju Hilandara i Svete Gore Atonske.<\/p>\n\n\n\n<p>Autor je sve objekte sa ta\u010dnom lokacijom i fotografijom, kao i staze i puteve do njih prikazao na Google earth mapi.<\/p>\n","protected":false},"excerpt":{"rendered":"<p>U Kulturnom centru u Para\u0107inu u utorak 10. decembra u 18 sati bi\u0107e predstavljena jedinstvena knjiga \u2013 monografija &#8221; Sveta Gora &#8211; Perivoj Presvete Bogorodice&#8221; &hellip; <\/p>\n","protected":false},"author":2,"featured_media":40601,"comment_status":"closed","ping_status":"open","sticky":false,"template":"","format":"standard","meta":{"footnotes":""},"categories":[1524,15,1516,12],"tags":[150,4100,3526],"_links":{"self":[{"href":"https:\/\/centralmedia.rs\/index.php\/wp-json\/wp\/v2\/posts\/40600"}],"collection":[{"href":"https:\/\/centralmedia.rs\/index.php\/wp-json\/wp\/v2\/posts"}],"about":[{"href":"https:\/\/centralmedia.rs\/index.php\/wp-json\/wp\/v2\/types\/post"}],"author":[{"embeddable":true,"href":"https:\/\/centralmedia.rs\/index.php\/wp-json\/wp\/v2\/users\/2"}],"replies":[{"embeddable":true,"href":"https:\/\/centralmedia.rs\/index.php\/wp-json\/wp\/v2\/comments?post=40600"}],"version-history":[{"count":1,"href":"https:\/\/centralmedia.rs\/index.php\/wp-json\/wp\/v2\/posts\/40600\/revisions"}],"predecessor-version":[{"id":40602,"href":"https:\/\/centralmedia.rs\/index.php\/wp-json\/wp\/v2\/posts\/40600\/revisions\/40602"}],"wp:featuredmedia":[{"embeddable":true,"href":"https:\/\/centralmedia.rs\/index.php\/wp-json\/wp\/v2\/media\/40601"}],"wp:attachment":[{"href":"https:\/\/centralmedia.rs\/index.php\/wp-json\/wp\/v2\/media?parent=40600"}],"wp:term":[{"taxonomy":"category","embeddable":true,"href":"https:\/\/centralmedia.rs\/index.php\/wp-json\/wp\/v2\/categories?post=40600"},{"taxonomy":"post_tag","embeddable":true,"href":"https:\/\/centralmedia.rs\/index.php\/wp-json\/wp\/v2\/tags?post=40600"}],"curies":[{"name":"wp","href":"https:\/\/api.w.org\/{rel}","templated":true}]}}