{"id":40617,"date":"2024-12-06T23:34:44","date_gmt":"2024-12-06T22:34:44","guid":{"rendered":"https:\/\/centralmedia.rs\/?p=40617"},"modified":"2024-12-06T23:35:05","modified_gmt":"2024-12-06T22:35:05","slug":"pokloni-bebema","status":"publish","type":"post","link":"https:\/\/centralmedia.rs\/index.php\/2024\/12\/06\/pokloni-bebema\/","title":{"rendered":"POKLONI BEBAMA"},"content":{"rendered":"\n<p>Bebi paketi i autosedi\u0161ta za bebe ro\u0111ene u septembru i oktobru u Svilajncu uru\u010deni su roditeljima tokom prijatnog zajedni\u010dkog dru\u017eenja.<\/p>\n\n\n\n<figure class=\"wp-block-gallery has-nested-images columns-default is-cropped wp-block-gallery-1 is-layout-flex wp-block-gallery-is-layout-flex\">\n<figure class=\"wp-block-image size-large\"><img loading=\"lazy\" decoding=\"async\" width=\"1024\" height=\"682\" data-id=\"40619\" src=\"https:\/\/centralmedia.rs\/wp-content\/uploads\/2024\/12\/beby-paketi1-1024x682.jpg\" alt=\"\" class=\"wp-image-40619\" srcset=\"https:\/\/centralmedia.rs\/wp-content\/uploads\/2024\/12\/beby-paketi1-1024x682.jpg 1024w, https:\/\/centralmedia.rs\/wp-content\/uploads\/2024\/12\/beby-paketi1-300x200.jpg 300w, https:\/\/centralmedia.rs\/wp-content\/uploads\/2024\/12\/beby-paketi1-768x511.jpg 768w, https:\/\/centralmedia.rs\/wp-content\/uploads\/2024\/12\/beby-paketi1-1536x1022.jpg 1536w, https:\/\/centralmedia.rs\/wp-content\/uploads\/2024\/12\/beby-paketi1-600x400.jpg 600w, https:\/\/centralmedia.rs\/wp-content\/uploads\/2024\/12\/beby-paketi1.jpg 2048w\" sizes=\"(max-width: 1024px) 100vw, 1024px\" \/><\/figure>\n\n\n\n<figure class=\"wp-block-image size-large\"><img loading=\"lazy\" decoding=\"async\" width=\"1024\" height=\"683\" data-id=\"40620\" src=\"https:\/\/centralmedia.rs\/wp-content\/uploads\/2024\/12\/beby-paketi2-1024x683.jpg\" alt=\"\" class=\"wp-image-40620\" srcset=\"https:\/\/centralmedia.rs\/wp-content\/uploads\/2024\/12\/beby-paketi2-1024x683.jpg 1024w, https:\/\/centralmedia.rs\/wp-content\/uploads\/2024\/12\/beby-paketi2-300x200.jpg 300w, https:\/\/centralmedia.rs\/wp-content\/uploads\/2024\/12\/beby-paketi2-768x512.jpg 768w, https:\/\/centralmedia.rs\/wp-content\/uploads\/2024\/12\/beby-paketi2-1536x1024.jpg 1536w, https:\/\/centralmedia.rs\/wp-content\/uploads\/2024\/12\/beby-paketi2-600x400.jpg 600w, https:\/\/centralmedia.rs\/wp-content\/uploads\/2024\/12\/beby-paketi2.jpg 2048w\" sizes=\"(max-width: 1024px) 100vw, 1024px\" \/><\/figure>\n\n\n\n<figure class=\"wp-block-image size-large\"><img loading=\"lazy\" decoding=\"async\" width=\"1024\" height=\"682\" data-id=\"40621\" src=\"https:\/\/centralmedia.rs\/wp-content\/uploads\/2024\/12\/beby-paketi3-1024x682.jpg\" alt=\"\" class=\"wp-image-40621\" srcset=\"https:\/\/centralmedia.rs\/wp-content\/uploads\/2024\/12\/beby-paketi3-1024x682.jpg 1024w, https:\/\/centralmedia.rs\/wp-content\/uploads\/2024\/12\/beby-paketi3-300x200.jpg 300w, https:\/\/centralmedia.rs\/wp-content\/uploads\/2024\/12\/beby-paketi3-768x511.jpg 768w, https:\/\/centralmedia.rs\/wp-content\/uploads\/2024\/12\/beby-paketi3-1536x1022.jpg 1536w, https:\/\/centralmedia.rs\/wp-content\/uploads\/2024\/12\/beby-paketi3-600x400.jpg 600w, https:\/\/centralmedia.rs\/wp-content\/uploads\/2024\/12\/beby-paketi3.jpg 2048w\" sizes=\"(max-width: 1024px) 100vw, 1024px\" \/><\/figure>\n<\/figure>\n\n\n\n<p>U ovom periodu ro\u0111eno je 30 beba u toj op\u0161tini i to 15 devoj\u010dica i 15 de\u010daka. Bebi pakete je uru\u010dila i dobrodo\u0161licu najmla\u0111im sugra\u0111anima po\u017eelela Monika Petronijevi\u0107, \u010dlan op\u0161tinskog ve\u0107a, istakav\u0161i da su Op\u0161tina Svilajnac i Centar za brigu o porodici podr\u0161ka porodici, roditeljima i deci u svim fazama njihovog razvoja.<\/p>\n\n\n\n<p>Od ove godine svako novoro\u0111eno dete od op\u0161tine Svilajnac dobija 50.000 dinara<\/p>\n","protected":false},"excerpt":{"rendered":"<p>Bebi paketi i autosedi\u0161ta za bebe ro\u0111ene u septembru i oktobru u Svilajncu uru\u010deni su roditeljima tokom prijatnog zajedni\u010dkog dru\u017eenja. U ovom periodu ro\u0111eno je &hellip; <\/p>\n","protected":false},"author":2,"featured_media":40618,"comment_status":"closed","ping_status":"open","sticky":false,"template":"","format":"standard","meta":{"footnotes":""},"categories":[14,1524,2,12,1517],"tags":[3321,38],"_links":{"self":[{"href":"https:\/\/centralmedia.rs\/index.php\/wp-json\/wp\/v2\/posts\/40617"}],"collection":[{"href":"https:\/\/centralmedia.rs\/index.php\/wp-json\/wp\/v2\/posts"}],"about":[{"href":"https:\/\/centralmedia.rs\/index.php\/wp-json\/wp\/v2\/types\/post"}],"author":[{"embeddable":true,"href":"https:\/\/centralmedia.rs\/index.php\/wp-json\/wp\/v2\/users\/2"}],"replies":[{"embeddable":true,"href":"https:\/\/centralmedia.rs\/index.php\/wp-json\/wp\/v2\/comments?post=40617"}],"version-history":[{"count":2,"href":"https:\/\/centralmedia.rs\/index.php\/wp-json\/wp\/v2\/posts\/40617\/revisions"}],"predecessor-version":[{"id":40623,"href":"https:\/\/centralmedia.rs\/index.php\/wp-json\/wp\/v2\/posts\/40617\/revisions\/40623"}],"wp:featuredmedia":[{"embeddable":true,"href":"https:\/\/centralmedia.rs\/index.php\/wp-json\/wp\/v2\/media\/40618"}],"wp:attachment":[{"href":"https:\/\/centralmedia.rs\/index.php\/wp-json\/wp\/v2\/media?parent=40617"}],"wp:term":[{"taxonomy":"category","embeddable":true,"href":"https:\/\/centralmedia.rs\/index.php\/wp-json\/wp\/v2\/categories?post=40617"},{"taxonomy":"post_tag","embeddable":true,"href":"https:\/\/centralmedia.rs\/index.php\/wp-json\/wp\/v2\/tags?post=40617"}],"curies":[{"name":"wp","href":"https:\/\/api.w.org\/{rel}","templated":true}]}}