{"id":40698,"date":"2024-12-17T05:13:27","date_gmt":"2024-12-17T04:13:27","guid":{"rendered":"https:\/\/centralmedia.rs\/?p=40698"},"modified":"2024-12-17T05:13:27","modified_gmt":"2024-12-17T04:13:27","slug":"126-godina-obrazovanja-ucitelja-u-jagodini","status":"publish","type":"post","link":"https:\/\/centralmedia.rs\/index.php\/2024\/12\/17\/126-godina-obrazovanja-ucitelja-u-jagodini\/","title":{"rendered":"126. GODINA OBRAZOVANJA U\u010cITELJA U JAGODINI"},"content":{"rendered":"\n<p>Fakultet pedago\u0161kih nauka u Jagodini obele\u017eio je 126 godina obrazovanja u\u010ditelja u tom gradu i 31. godinu postojanja Fakulteta.<\/p>\n\n\n\n<figure class=\"wp-block-gallery has-nested-images columns-default is-cropped wp-block-gallery-1 is-layout-flex wp-block-gallery-is-layout-flex\">\n<figure class=\"wp-block-image size-large\"><img loading=\"lazy\" decoding=\"async\" width=\"1024\" height=\"1024\" data-id=\"40701\" src=\"https:\/\/centralmedia.rs\/wp-content\/uploads\/2024\/12\/dan-fakulteta1-1024x1024.jpg\" alt=\"\" class=\"wp-image-40701\" srcset=\"https:\/\/centralmedia.rs\/wp-content\/uploads\/2024\/12\/dan-fakulteta1-1024x1024.jpg 1024w, https:\/\/centralmedia.rs\/wp-content\/uploads\/2024\/12\/dan-fakulteta1-300x300.jpg 300w, https:\/\/centralmedia.rs\/wp-content\/uploads\/2024\/12\/dan-fakulteta1-150x150.jpg 150w, https:\/\/centralmedia.rs\/wp-content\/uploads\/2024\/12\/dan-fakulteta1-768x767.jpg 768w, https:\/\/centralmedia.rs\/wp-content\/uploads\/2024\/12\/dan-fakulteta1.jpg 1440w\" sizes=\"(max-width: 1024px) 100vw, 1024px\" \/><\/figure>\n\n\n\n<figure class=\"wp-block-image size-large\"><img loading=\"lazy\" decoding=\"async\" width=\"1024\" height=\"1024\" data-id=\"40700\" src=\"https:\/\/centralmedia.rs\/wp-content\/uploads\/2024\/12\/dan-fakulteta2-1024x1024.jpg\" alt=\"\" class=\"wp-image-40700\" srcset=\"https:\/\/centralmedia.rs\/wp-content\/uploads\/2024\/12\/dan-fakulteta2-1024x1024.jpg 1024w, https:\/\/centralmedia.rs\/wp-content\/uploads\/2024\/12\/dan-fakulteta2-300x300.jpg 300w, https:\/\/centralmedia.rs\/wp-content\/uploads\/2024\/12\/dan-fakulteta2-150x150.jpg 150w, https:\/\/centralmedia.rs\/wp-content\/uploads\/2024\/12\/dan-fakulteta2-768x768.jpg 768w, https:\/\/centralmedia.rs\/wp-content\/uploads\/2024\/12\/dan-fakulteta2.jpg 1440w\" sizes=\"(max-width: 1024px) 100vw, 1024px\" \/><\/figure>\n<\/figure>\n\n\n\n<p>Ove godine je, legendarni srpski knji\u017eevnik i de\u010diji pesnik, Ljubivoje R\u0161umovi\u0107 dobitnik priznanja \u201eNarodni u\u010ditelj\u201d , dok je po\u010dasna diploma \u201eMagister humanitas\u201d dodeljena Njenom kraljevskom viso\u010danstvu, princezi Ljubici Kara\u0111or\u0111evi\u0107. U muzi\u010dkom programu nastupili su hor i orkestar Fakulteta. Nakon sve\u010dane akademije, u galeriji \u201eGinko\u201d otvorena je izlo\u017eba pod nazivom PROCES 16-24 \/ ARHITEKTURA VIZUELNE I NAMENSKE TRANSFORMACIJE FPNJA &#8211; Projekat adaptacije i rekonstrukcij<\/p>\n","protected":false},"excerpt":{"rendered":"<p>Fakultet pedago\u0161kih nauka u Jagodini obele\u017eio je 126 godina obrazovanja u\u010ditelja u tom gradu i 31. godinu postojanja Fakulteta. Ove godine je, legendarni srpski knji\u017eevnik &hellip; <\/p>\n","protected":false},"author":2,"featured_media":40699,"comment_status":"closed","ping_status":"open","sticky":false,"template":"","format":"standard","meta":{"footnotes":""},"categories":[14,1524,2,1514,12],"tags":[2531,58],"_links":{"self":[{"href":"https:\/\/centralmedia.rs\/index.php\/wp-json\/wp\/v2\/posts\/40698"}],"collection":[{"href":"https:\/\/centralmedia.rs\/index.php\/wp-json\/wp\/v2\/posts"}],"about":[{"href":"https:\/\/centralmedia.rs\/index.php\/wp-json\/wp\/v2\/types\/post"}],"author":[{"embeddable":true,"href":"https:\/\/centralmedia.rs\/index.php\/wp-json\/wp\/v2\/users\/2"}],"replies":[{"embeddable":true,"href":"https:\/\/centralmedia.rs\/index.php\/wp-json\/wp\/v2\/comments?post=40698"}],"version-history":[{"count":1,"href":"https:\/\/centralmedia.rs\/index.php\/wp-json\/wp\/v2\/posts\/40698\/revisions"}],"predecessor-version":[{"id":40702,"href":"https:\/\/centralmedia.rs\/index.php\/wp-json\/wp\/v2\/posts\/40698\/revisions\/40702"}],"wp:featuredmedia":[{"embeddable":true,"href":"https:\/\/centralmedia.rs\/index.php\/wp-json\/wp\/v2\/media\/40699"}],"wp:attachment":[{"href":"https:\/\/centralmedia.rs\/index.php\/wp-json\/wp\/v2\/media?parent=40698"}],"wp:term":[{"taxonomy":"category","embeddable":true,"href":"https:\/\/centralmedia.rs\/index.php\/wp-json\/wp\/v2\/categories?post=40698"},{"taxonomy":"post_tag","embeddable":true,"href":"https:\/\/centralmedia.rs\/index.php\/wp-json\/wp\/v2\/tags?post=40698"}],"curies":[{"name":"wp","href":"https:\/\/api.w.org\/{rel}","templated":true}]}}