{"id":40703,"date":"2024-12-17T06:22:27","date_gmt":"2024-12-17T05:22:27","guid":{"rendered":"https:\/\/centralmedia.rs\/?p=40703"},"modified":"2024-12-17T06:22:27","modified_gmt":"2024-12-17T05:22:27","slug":"paracinsko-staklarstvo-turisticki-potencijal","status":"publish","type":"post","link":"https:\/\/centralmedia.rs\/index.php\/2024\/12\/17\/paracinsko-staklarstvo-turisticki-potencijal\/","title":{"rendered":"PARA\u0106INSKO STAKLARSTVO TURISTI\u010cKI POTENCIJAL"},"content":{"rendered":"\n<p>-Revitalizacija para\u0107inskog staklarstva doprinela bi promociji turisti\u010dkih potencijala te op\u0161tine, sa procenjenim prilivom turista godi\u0161nje u intervalu 35.000 do 45.000 posetilaca i oko 53.300 no\u0107enja &#8211; direktnom ekonomskom koristi u vidu lokalne potro\u0161nje usluga i dobara u intervalu od 6,6 \u2013 10 miliona evra godi\u0161nje, re\u010deno je na 2. Creative Glass Forumu.<\/p>\n\n\n\n<p>Predstavljeni su rezultati preliminarne tehni\u010dke procene za za\u0161titu, o\u010duvanje i revitalizaciju para\u0107inskog staklarstva, kao i na koji na\u010din se realizacijom ovog projekta stvaraju nove mogu\u0107nosti za razvoj kreativne ekonomije, promovi\u0161e Para\u0107in kao kreativno mesto koje nudi nove ekonomske i kulturne mogu\u0107nosti kreativnoj klasi, kao i za zapo\u0161ljavanje i ostanak mladih u Para\u0107inu. Prof. Dejan Molnar sa Ekonomskog fakulteta u Beogradu istakao je da Para\u0107in ima jedinstvenu priliku da bude prva op\u0161tina koja svoj razvoj zasniva na akceleratorskoj snazi industrijskog nasle\u0111a, kreativne ekonomije i industrije stakla.<\/p>\n\n\n\n<p>Forumu je prisustvovao i predstavnik Op\u0161tine Para\u0107in, dr Bojan Veljkovi\u0107 \u010dlan Op\u0161tinskog ve\u0107a koji je izrazio zadovoljstvo \u0161to su u Para\u0107inu prepoznati potencijali za kulturnu i ekonomsku transformaciju vo\u0111eni industrijskim nasle\u0111em staklarstva i izrazio nadu da \u0107e se u nastavku realizacije predstavljenih aktivnosti uspostaviti bliska saradnja sa Op\u0161tinom Para\u0107in na ovoj incijativi, kako bi se udru\u017eili zajedni\u010dki napori u o\u010duvanje i revitalizaciju para\u0107inskog staklarstva i pokretanje Staklo festa.<\/p>\n\n\n\n<p>Forum i prate\u0107e aktivnosti podr\u017eali su Ambasada Sjedinjenih Ameri\u010dkih Dr\u017eava u Beogradu i Ministarstvo kulture Republike Srbije.<\/p>\n","protected":false},"excerpt":{"rendered":"<p>-Revitalizacija para\u0107inskog staklarstva doprinela bi promociji turisti\u010dkih potencijala te op\u0161tine, sa procenjenim prilivom turista godi\u0161nje u intervalu 35.000 do 45.000 posetilaca i oko 53.300 no\u0107enja &hellip; <\/p>\n","protected":false},"author":2,"featured_media":40704,"comment_status":"closed","ping_status":"open","sticky":false,"template":"","format":"standard","meta":{"footnotes":""},"categories":[1524,23,1516,3054],"tags":[156,5162,65],"_links":{"self":[{"href":"https:\/\/centralmedia.rs\/index.php\/wp-json\/wp\/v2\/posts\/40703"}],"collection":[{"href":"https:\/\/centralmedia.rs\/index.php\/wp-json\/wp\/v2\/posts"}],"about":[{"href":"https:\/\/centralmedia.rs\/index.php\/wp-json\/wp\/v2\/types\/post"}],"author":[{"embeddable":true,"href":"https:\/\/centralmedia.rs\/index.php\/wp-json\/wp\/v2\/users\/2"}],"replies":[{"embeddable":true,"href":"https:\/\/centralmedia.rs\/index.php\/wp-json\/wp\/v2\/comments?post=40703"}],"version-history":[{"count":1,"href":"https:\/\/centralmedia.rs\/index.php\/wp-json\/wp\/v2\/posts\/40703\/revisions"}],"predecessor-version":[{"id":40705,"href":"https:\/\/centralmedia.rs\/index.php\/wp-json\/wp\/v2\/posts\/40703\/revisions\/40705"}],"wp:featuredmedia":[{"embeddable":true,"href":"https:\/\/centralmedia.rs\/index.php\/wp-json\/wp\/v2\/media\/40704"}],"wp:attachment":[{"href":"https:\/\/centralmedia.rs\/index.php\/wp-json\/wp\/v2\/media?parent=40703"}],"wp:term":[{"taxonomy":"category","embeddable":true,"href":"https:\/\/centralmedia.rs\/index.php\/wp-json\/wp\/v2\/categories?post=40703"},{"taxonomy":"post_tag","embeddable":true,"href":"https:\/\/centralmedia.rs\/index.php\/wp-json\/wp\/v2\/tags?post=40703"}],"curies":[{"name":"wp","href":"https:\/\/api.w.org\/{rel}","templated":true}]}}