{"id":40706,"date":"2024-12-17T16:19:38","date_gmt":"2024-12-17T15:19:38","guid":{"rendered":"https:\/\/centralmedia.rs\/?p=40706"},"modified":"2024-12-17T16:19:38","modified_gmt":"2024-12-17T15:19:38","slug":"na-celu-skupstine-grada-jagodine-doktor-miodrag-jarkin-dalibor-markovic-novi-clan-gradskog-veca-jagodine-usvojen-budzet-za-2025-godinu","status":"publish","type":"post","link":"https:\/\/centralmedia.rs\/index.php\/2024\/12\/17\/na-celu-skupstine-grada-jagodine-doktor-miodrag-jarkin-dalibor-markovic-novi-clan-gradskog-veca-jagodine-usvojen-budzet-za-2025-godinu\/","title":{"rendered":"NA \u010cELU SKUP\u0160TINE GRADA JAGODINE DOKTOR MIODRAG JARKIN, DALIBOR MARKOVI\u0106 NOVI \u010cLAN GRADSKOG VE\u0106A JAGODINE, USVOJEN BUD\u017eET ZA 2025. GODINU"},"content":{"rendered":"\n<p>Skup\u0161tina grada Jagodine odr\u017eala je danas svoju drugu sednicu nakon smrti predsednika Skup\u0161tine grada Jagodine Dragana Markovi\u0107a Palme, na kojoj je izabran i novi predsednik jagodinskog parlamenta, a radi se o poznatom srpskom kardiologu Miodragu Jarkinu, koji je i \u010dlan Predsedni\u0161tva Jedinstvene Srbije i potpredsednik Gradskog odora Jedinstvene Srbije u Jagodini.<\/p>\n\n\n\n<figure class=\"wp-block-gallery has-nested-images columns-default is-cropped wp-block-gallery-1 is-layout-flex wp-block-gallery-is-layout-flex\">\n<figure class=\"wp-block-image size-large\"><img loading=\"lazy\" decoding=\"async\" width=\"1024\" height=\"577\" data-id=\"40708\" src=\"https:\/\/centralmedia.rs\/wp-content\/uploads\/2024\/12\/skupstina1-1024x577.jpg\" alt=\"\" class=\"wp-image-40708\" srcset=\"https:\/\/centralmedia.rs\/wp-content\/uploads\/2024\/12\/skupstina1-1024x577.jpg 1024w, https:\/\/centralmedia.rs\/wp-content\/uploads\/2024\/12\/skupstina1-300x169.jpg 300w, https:\/\/centralmedia.rs\/wp-content\/uploads\/2024\/12\/skupstina1-768x433.jpg 768w, https:\/\/centralmedia.rs\/wp-content\/uploads\/2024\/12\/skupstina1-1536x866.jpg 1536w, https:\/\/centralmedia.rs\/wp-content\/uploads\/2024\/12\/skupstina1-1260x710.jpg 1260w, https:\/\/centralmedia.rs\/wp-content\/uploads\/2024\/12\/skupstina1.jpg 1600w\" sizes=\"(max-width: 1024px) 100vw, 1024px\" \/><\/figure>\n\n\n\n<figure class=\"wp-block-image size-large\"><img loading=\"lazy\" decoding=\"async\" width=\"1024\" height=\"580\" data-id=\"40709\" src=\"https:\/\/centralmedia.rs\/wp-content\/uploads\/2024\/12\/skupstina2-1024x580.jpg\" alt=\"\" class=\"wp-image-40709\" srcset=\"https:\/\/centralmedia.rs\/wp-content\/uploads\/2024\/12\/skupstina2-1024x580.jpg 1024w, https:\/\/centralmedia.rs\/wp-content\/uploads\/2024\/12\/skupstina2-300x170.jpg 300w, https:\/\/centralmedia.rs\/wp-content\/uploads\/2024\/12\/skupstina2-768x435.jpg 768w, https:\/\/centralmedia.rs\/wp-content\/uploads\/2024\/12\/skupstina2-1536x871.jpg 1536w, https:\/\/centralmedia.rs\/wp-content\/uploads\/2024\/12\/skupstina2.jpg 1600w\" sizes=\"(max-width: 1024px) 100vw, 1024px\" \/><\/figure>\n<\/figure>\n\n\n\n<p> Sin Dragana Markovi\u0107a Palme, Dalibor Markovi\u0107 izabran je za \u010dlana Gradskog ve\u0107a Jagodine. Dalibor Markovi\u0107 je privatni preduzetnik, vlasnik i direktor Autotransportnog preduze\u0107a \u201cATP Palma\u201d i televizije Palma plus, predsednik je\u00a0 boks kluba \u201cPalmini tigrovi\u201d i Crkvenoop\u0161tinskog upravnog odbora Hrama Setog Jovana Krstitelja u Kon\u010darevu kraj Jagodine \u010diji je porodica Markovi\u0107 ktitor. Odbornici Skup\u0161tine grada Jagodine usvojili su danas i bud\u017eet za 2025. godinu u iznosu ne\u0161to ve\u0107em od od 3 milijarde i 800 miliona dinara. Gradona\u010delnica Jagodine Gordana Jovanovi\u0107 je izjavila da dana\u0161nje odluke Skup\u0161tine grada Jagodine pokazuju kontinuitet u vo\u0111enju grada Jagodine u odnosu na proteklih 20 godina. \u201cGrad Jagodina nastavlja putem koji je utabao Dragan Markovi\u0107 Palma. Bud\u017eet za 2025. godinu je razvojni i socijalni kao \u0161to je to bilo proteklih 20 godina i po \u010demu je Jagodina prepoznatljva i van granica na\u0161e zemlje. Nastavljamo sa besplatnim prevozom za sve na\u0161e gra\u0111ane, uskoro \u0107emo potpisati i novi petogodi\u0161nji ugovor za bespatan prevoz, ostaju sve socijalne prinadle\u017enosti porodicama, izgradnjom novih bunara pove\u0107avamo kapacitet vodosnabdevanja za 30 posto, svi planirani projekti se realizuju i gra\u0111ani ne treba da brinu. Nastavljamo sa politikom da bud\u017eet tro\u0161e gra\u0111ani, a ne politi\u010dari\u201d, poru\u010dila je gradona\u010delnica Jagodine.<\/p>\n","protected":false},"excerpt":{"rendered":"<p>Skup\u0161tina grada Jagodine odr\u017eala je danas svoju drugu sednicu nakon smrti predsednika Skup\u0161tine grada Jagodine Dragana Markovi\u0107a Palme, na kojoj je izabran i novi predsednik &hellip; <\/p>\n","protected":false},"author":2,"featured_media":40707,"comment_status":"closed","ping_status":"open","sticky":false,"template":"","format":"standard","meta":{"footnotes":""},"categories":[1524,2,1514,13,12],"tags":[6794,58,6793,6568],"_links":{"self":[{"href":"https:\/\/centralmedia.rs\/index.php\/wp-json\/wp\/v2\/posts\/40706"}],"collection":[{"href":"https:\/\/centralmedia.rs\/index.php\/wp-json\/wp\/v2\/posts"}],"about":[{"href":"https:\/\/centralmedia.rs\/index.php\/wp-json\/wp\/v2\/types\/post"}],"author":[{"embeddable":true,"href":"https:\/\/centralmedia.rs\/index.php\/wp-json\/wp\/v2\/users\/2"}],"replies":[{"embeddable":true,"href":"https:\/\/centralmedia.rs\/index.php\/wp-json\/wp\/v2\/comments?post=40706"}],"version-history":[{"count":1,"href":"https:\/\/centralmedia.rs\/index.php\/wp-json\/wp\/v2\/posts\/40706\/revisions"}],"predecessor-version":[{"id":40710,"href":"https:\/\/centralmedia.rs\/index.php\/wp-json\/wp\/v2\/posts\/40706\/revisions\/40710"}],"wp:featuredmedia":[{"embeddable":true,"href":"https:\/\/centralmedia.rs\/index.php\/wp-json\/wp\/v2\/media\/40707"}],"wp:attachment":[{"href":"https:\/\/centralmedia.rs\/index.php\/wp-json\/wp\/v2\/media?parent=40706"}],"wp:term":[{"taxonomy":"category","embeddable":true,"href":"https:\/\/centralmedia.rs\/index.php\/wp-json\/wp\/v2\/categories?post=40706"},{"taxonomy":"post_tag","embeddable":true,"href":"https:\/\/centralmedia.rs\/index.php\/wp-json\/wp\/v2\/tags?post=40706"}],"curies":[{"name":"wp","href":"https:\/\/api.w.org\/{rel}","templated":true}]}}