{"id":40768,"date":"2024-12-20T05:06:05","date_gmt":"2024-12-20T04:06:05","guid":{"rendered":"https:\/\/centralmedia.rs\/?p=40768"},"modified":"2024-12-22T05:06:13","modified_gmt":"2024-12-22T04:06:13","slug":"praznicni-bazari-u-svilajncu-i-jagodini","status":"publish","type":"post","link":"https:\/\/centralmedia.rs\/index.php\/2024\/12\/20\/praznicni-bazari-u-svilajncu-i-jagodini\/","title":{"rendered":"PRAZNI\u010cNI BAZARI U SVILAJNCU I JAGODINI"},"content":{"rendered":"\n<p>U Svilajncu u petak 27. decembra po\u010dinje Novogodi\u0161nji i Bo\u017ei\u0107ni bazar. Ova prazni\u010dna manifestacija traje 6. januara i sadr\u017ei brojne zabavne sadr\u017eaje za celu porodicu.<\/p>\n\n\n\n<figure class=\"wp-block-gallery has-nested-images columns-default is-cropped wp-block-gallery-1 is-layout-flex wp-block-gallery-is-layout-flex\">\n<figure class=\"wp-block-image size-large\"><img loading=\"lazy\" decoding=\"async\" width=\"725\" height=\"1024\" data-id=\"40770\" src=\"https:\/\/centralmedia.rs\/wp-content\/uploads\/2024\/12\/bazar-725x1024.jpg\" alt=\"\" class=\"wp-image-40770\" srcset=\"https:\/\/centralmedia.rs\/wp-content\/uploads\/2024\/12\/bazar-725x1024.jpg 725w, https:\/\/centralmedia.rs\/wp-content\/uploads\/2024\/12\/bazar-212x300.jpg 212w, https:\/\/centralmedia.rs\/wp-content\/uploads\/2024\/12\/bazar-768x1085.jpg 768w, https:\/\/centralmedia.rs\/wp-content\/uploads\/2024\/12\/bazar.jpg 1080w\" sizes=\"(max-width: 725px) 100vw, 725px\" \/><\/figure>\n\n\n\n<figure class=\"wp-block-image size-large\"><img loading=\"lazy\" decoding=\"async\" width=\"725\" height=\"1024\" data-id=\"40771\" src=\"https:\/\/centralmedia.rs\/wp-content\/uploads\/2024\/12\/bazar1-725x1024.jpg\" alt=\"\" class=\"wp-image-40771\" srcset=\"https:\/\/centralmedia.rs\/wp-content\/uploads\/2024\/12\/bazar1-725x1024.jpg 725w, https:\/\/centralmedia.rs\/wp-content\/uploads\/2024\/12\/bazar1-212x300.jpg 212w, https:\/\/centralmedia.rs\/wp-content\/uploads\/2024\/12\/bazar1-768x1085.jpg 768w, https:\/\/centralmedia.rs\/wp-content\/uploads\/2024\/12\/bazar1.jpg 1080w\" sizes=\"(max-width: 725px) 100vw, 725px\" \/><\/figure>\n<\/figure>\n\n\n\n<p>NAJVE\u0106A I NAJLEP\u0160A SVETLOSNA \u010cAROLIJA NA LEDU &#8211; U JAGODINI TRE\u0106I PUT<\/p>\n\n\n\n<p>Jagodinski Novogodi\u0161nji bazar po\u010deo je danas i to je lep poziv za sve na\u0161ekoji se raduju ki\u0107enju jelke, postavljanju \u0161arenih lampica, novogodi\u0161njoj dekoraciji, poklonima i magi\u010dnoj prazni\u010dnoj atmosferi!<\/p>\n\n\n\n<p>Naime, u Jagodini \u0107e 30. decembra tre\u0107i put biti priredjena NOVOGODI\u0160NJA SVETLOSNA \u010cAROLIJA NA LEDU!<\/p>\n\n\n\n<p>Dru\u0161tvo \u0107e vam praviti vile sa svetlosnim krilima, Deda Mrazevi, Mini Maus i Miki Maus, kao neizostavni junaci na\u0161eg detinjstva i ostali drugari.<\/p>\n","protected":false},"excerpt":{"rendered":"<p>U Svilajncu u petak 27. decembra po\u010dinje Novogodi\u0161nji i Bo\u017ei\u0107ni bazar. Ova prazni\u010dna manifestacija traje 6. januara i sadr\u017ei brojne zabavne sadr\u017eaje za celu porodicu. &hellip; <\/p>\n","protected":false},"author":2,"featured_media":40769,"comment_status":"closed","ping_status":"open","sticky":false,"template":"","format":"standard","meta":{"footnotes":""},"categories":[1524,2,1514,23,1517,3055],"tags":[58,38],"_links":{"self":[{"href":"https:\/\/centralmedia.rs\/index.php\/wp-json\/wp\/v2\/posts\/40768"}],"collection":[{"href":"https:\/\/centralmedia.rs\/index.php\/wp-json\/wp\/v2\/posts"}],"about":[{"href":"https:\/\/centralmedia.rs\/index.php\/wp-json\/wp\/v2\/types\/post"}],"author":[{"embeddable":true,"href":"https:\/\/centralmedia.rs\/index.php\/wp-json\/wp\/v2\/users\/2"}],"replies":[{"embeddable":true,"href":"https:\/\/centralmedia.rs\/index.php\/wp-json\/wp\/v2\/comments?post=40768"}],"version-history":[{"count":1,"href":"https:\/\/centralmedia.rs\/index.php\/wp-json\/wp\/v2\/posts\/40768\/revisions"}],"predecessor-version":[{"id":40772,"href":"https:\/\/centralmedia.rs\/index.php\/wp-json\/wp\/v2\/posts\/40768\/revisions\/40772"}],"wp:featuredmedia":[{"embeddable":true,"href":"https:\/\/centralmedia.rs\/index.php\/wp-json\/wp\/v2\/media\/40769"}],"wp:attachment":[{"href":"https:\/\/centralmedia.rs\/index.php\/wp-json\/wp\/v2\/media?parent=40768"}],"wp:term":[{"taxonomy":"category","embeddable":true,"href":"https:\/\/centralmedia.rs\/index.php\/wp-json\/wp\/v2\/categories?post=40768"},{"taxonomy":"post_tag","embeddable":true,"href":"https:\/\/centralmedia.rs\/index.php\/wp-json\/wp\/v2\/tags?post=40768"}],"curies":[{"name":"wp","href":"https:\/\/api.w.org\/{rel}","templated":true}]}}