{"id":40811,"date":"2024-12-25T17:11:00","date_gmt":"2024-12-25T16:11:00","guid":{"rendered":"https:\/\/centralmedia.rs\/?p=40811"},"modified":"2024-12-25T17:11:01","modified_gmt":"2024-12-25T16:11:01","slug":"novogodisnji-koncert-i-bazar","status":"publish","type":"post","link":"https:\/\/centralmedia.rs\/index.php\/2024\/12\/25\/novogodisnji-koncert-i-bazar\/","title":{"rendered":"NOVOGODI\u0160NJI KONCERT I BAZAR"},"content":{"rendered":"\n<p>U Svilajncu narednog vikend po\u010dinje Novogodi\u0161nji bazar na Trgu Stevana Sin\u0111eli\u0107a, a posebno se raduju mali\u0161ani jer ih o\u010dekuje spektakularan program za decu &#8211; &#8220;UV levitacija sa Deda Mrazom&#8221;. Subota od 18.00 Trg Stevana Sin\u0111eli\u0107a.<\/p>\n\n\n\n<figure class=\"wp-block-gallery has-nested-images columns-default is-cropped wp-block-gallery-1 is-layout-flex wp-block-gallery-is-layout-flex\">\n<figure class=\"wp-block-image size-large\"><img loading=\"lazy\" decoding=\"async\" width=\"724\" height=\"1024\" data-id=\"40812\" src=\"https:\/\/centralmedia.rs\/wp-content\/uploads\/2024\/12\/koncert-724x1024.jpg\" alt=\"\" class=\"wp-image-40812\" srcset=\"https:\/\/centralmedia.rs\/wp-content\/uploads\/2024\/12\/koncert-724x1024.jpg 724w, https:\/\/centralmedia.rs\/wp-content\/uploads\/2024\/12\/koncert-212x300.jpg 212w, https:\/\/centralmedia.rs\/wp-content\/uploads\/2024\/12\/koncert-768x1086.jpg 768w, https:\/\/centralmedia.rs\/wp-content\/uploads\/2024\/12\/koncert-1086x1536.jpg 1086w, https:\/\/centralmedia.rs\/wp-content\/uploads\/2024\/12\/koncert.jpg 1448w\" sizes=\"(max-width: 724px) 100vw, 724px\" \/><\/figure>\n\n\n\n<figure class=\"wp-block-image size-large\"><img loading=\"lazy\" decoding=\"async\" width=\"819\" height=\"1024\" data-id=\"40813\" src=\"https:\/\/centralmedia.rs\/wp-content\/uploads\/2024\/12\/uv-levtacija-819x1024.jpg\" alt=\"\" class=\"wp-image-40813\" srcset=\"https:\/\/centralmedia.rs\/wp-content\/uploads\/2024\/12\/uv-levtacija-819x1024.jpg 819w, https:\/\/centralmedia.rs\/wp-content\/uploads\/2024\/12\/uv-levtacija-240x300.jpg 240w, https:\/\/centralmedia.rs\/wp-content\/uploads\/2024\/12\/uv-levtacija-768x960.jpg 768w, https:\/\/centralmedia.rs\/wp-content\/uploads\/2024\/12\/uv-levtacija.jpg 1080w\" sizes=\"(max-width: 819px) 100vw, 819px\" \/><\/figure>\n<\/figure>\n\n\n\n<p>Tradicionalni program Novogodi\u0161nji koncert Kulturno umetni\u010dkog dru\u0161tva &#8220;Sin\u0111eli\u0107&#8221; iz Svilajnca u subotu od 20.00 \u010dasova u Centru za kulturu. Ulaz je Slobodan.<\/p>\n","protected":false},"excerpt":{"rendered":"<p>U Svilajncu narednog vikend po\u010dinje Novogodi\u0161nji bazar na Trgu Stevana Sin\u0111eli\u0107a, a posebno se raduju mali\u0161ani jer ih o\u010dekuje spektakularan program za decu &#8211; &#8220;UV &hellip; <\/p>\n","protected":false},"author":2,"featured_media":40812,"comment_status":"closed","ping_status":"open","sticky":false,"template":"","format":"standard","meta":{"footnotes":""},"categories":[14,1524,2,12,1517],"tags":[6411,6808,38],"_links":{"self":[{"href":"https:\/\/centralmedia.rs\/index.php\/wp-json\/wp\/v2\/posts\/40811"}],"collection":[{"href":"https:\/\/centralmedia.rs\/index.php\/wp-json\/wp\/v2\/posts"}],"about":[{"href":"https:\/\/centralmedia.rs\/index.php\/wp-json\/wp\/v2\/types\/post"}],"author":[{"embeddable":true,"href":"https:\/\/centralmedia.rs\/index.php\/wp-json\/wp\/v2\/users\/2"}],"replies":[{"embeddable":true,"href":"https:\/\/centralmedia.rs\/index.php\/wp-json\/wp\/v2\/comments?post=40811"}],"version-history":[{"count":1,"href":"https:\/\/centralmedia.rs\/index.php\/wp-json\/wp\/v2\/posts\/40811\/revisions"}],"predecessor-version":[{"id":40814,"href":"https:\/\/centralmedia.rs\/index.php\/wp-json\/wp\/v2\/posts\/40811\/revisions\/40814"}],"wp:featuredmedia":[{"embeddable":true,"href":"https:\/\/centralmedia.rs\/index.php\/wp-json\/wp\/v2\/media\/40812"}],"wp:attachment":[{"href":"https:\/\/centralmedia.rs\/index.php\/wp-json\/wp\/v2\/media?parent=40811"}],"wp:term":[{"taxonomy":"category","embeddable":true,"href":"https:\/\/centralmedia.rs\/index.php\/wp-json\/wp\/v2\/categories?post=40811"},{"taxonomy":"post_tag","embeddable":true,"href":"https:\/\/centralmedia.rs\/index.php\/wp-json\/wp\/v2\/tags?post=40811"}],"curies":[{"name":"wp","href":"https:\/\/api.w.org\/{rel}","templated":true}]}}