{"id":40831,"date":"2024-12-27T00:35:09","date_gmt":"2024-12-26T23:35:09","guid":{"rendered":"https:\/\/centralmedia.rs\/?p=40831"},"modified":"2024-12-27T00:35:10","modified_gmt":"2024-12-26T23:35:10","slug":"novogodisnji-koncert-i-bazar-2","status":"publish","type":"post","link":"https:\/\/centralmedia.rs\/index.php\/2024\/12\/27\/novogodisnji-koncert-i-bazar-2\/","title":{"rendered":"NOVOGODI\u0160NJI KONCERT I BAZAR"},"content":{"rendered":"\n<p>Novogodi\u0161njim koncertom folklora, kao \u00a0i novogodi\u0161njim i Bo\u017ei\u0107nim bazarom Despotovac zavr\u0161ava 2024. i do\u010dekuje novu 2025. godinu. Koncert \u0107e biti odr\u017ean \u00a0u nedelju u 18 \u010dasova u Centru za kulturu. <\/p>\n\n\n\n<figure class=\"wp-block-gallery has-nested-images columns-default is-cropped wp-block-gallery-1 is-layout-flex wp-block-gallery-is-layout-flex\">\n<figure class=\"wp-block-image size-large\"><img loading=\"lazy\" decoding=\"async\" width=\"1024\" height=\"585\" data-id=\"40834\" src=\"https:\/\/centralmedia.rs\/wp-content\/uploads\/2024\/12\/bazar-1-1024x585.png\" alt=\"\" class=\"wp-image-40834\" srcset=\"https:\/\/centralmedia.rs\/wp-content\/uploads\/2024\/12\/bazar-1-1024x585.png 1024w, https:\/\/centralmedia.rs\/wp-content\/uploads\/2024\/12\/bazar-1-300x172.png 300w, https:\/\/centralmedia.rs\/wp-content\/uploads\/2024\/12\/bazar-1-768x439.png 768w, https:\/\/centralmedia.rs\/wp-content\/uploads\/2024\/12\/bazar-1.png 1457w\" sizes=\"(max-width: 1024px) 100vw, 1024px\" \/><\/figure>\n\n\n\n<figure class=\"wp-block-image size-large\"><img loading=\"lazy\" decoding=\"async\" width=\"1024\" height=\"587\" data-id=\"40833\" src=\"https:\/\/centralmedia.rs\/wp-content\/uploads\/2024\/12\/bazar-2-1024x587.png\" alt=\"\" class=\"wp-image-40833\" srcset=\"https:\/\/centralmedia.rs\/wp-content\/uploads\/2024\/12\/bazar-2-1024x587.png 1024w, https:\/\/centralmedia.rs\/wp-content\/uploads\/2024\/12\/bazar-2-300x172.png 300w, https:\/\/centralmedia.rs\/wp-content\/uploads\/2024\/12\/bazar-2-768x440.png 768w, https:\/\/centralmedia.rs\/wp-content\/uploads\/2024\/12\/bazar-2.png 1469w\" sizes=\"(max-width: 1024px) 100vw, 1024px\" \/><\/figure>\n<\/figure>\n\n\n\n<p>Bazar se odr\u017eava na trgu Despota Stefana Lazarevi\u0107a od 30. decembra do 6. januara<\/p>\n","protected":false},"excerpt":{"rendered":"<p>Novogodi\u0161njim koncertom folklora, kao \u00a0i novogodi\u0161njim i Bo\u017ei\u0107nim bazarom Despotovac zavr\u0161ava 2024. i do\u010dekuje novu 2025. godinu. Koncert \u0107e biti odr\u017ean \u00a0u nedelju u 18 &hellip; <\/p>\n","protected":false},"author":2,"featured_media":40832,"comment_status":"closed","ping_status":"open","sticky":false,"template":"","format":"standard","meta":{"footnotes":""},"categories":[1518,1524,2,23,3055],"tags":[6411,51,422],"_links":{"self":[{"href":"https:\/\/centralmedia.rs\/index.php\/wp-json\/wp\/v2\/posts\/40831"}],"collection":[{"href":"https:\/\/centralmedia.rs\/index.php\/wp-json\/wp\/v2\/posts"}],"about":[{"href":"https:\/\/centralmedia.rs\/index.php\/wp-json\/wp\/v2\/types\/post"}],"author":[{"embeddable":true,"href":"https:\/\/centralmedia.rs\/index.php\/wp-json\/wp\/v2\/users\/2"}],"replies":[{"embeddable":true,"href":"https:\/\/centralmedia.rs\/index.php\/wp-json\/wp\/v2\/comments?post=40831"}],"version-history":[{"count":1,"href":"https:\/\/centralmedia.rs\/index.php\/wp-json\/wp\/v2\/posts\/40831\/revisions"}],"predecessor-version":[{"id":40835,"href":"https:\/\/centralmedia.rs\/index.php\/wp-json\/wp\/v2\/posts\/40831\/revisions\/40835"}],"wp:featuredmedia":[{"embeddable":true,"href":"https:\/\/centralmedia.rs\/index.php\/wp-json\/wp\/v2\/media\/40832"}],"wp:attachment":[{"href":"https:\/\/centralmedia.rs\/index.php\/wp-json\/wp\/v2\/media?parent=40831"}],"wp:term":[{"taxonomy":"category","embeddable":true,"href":"https:\/\/centralmedia.rs\/index.php\/wp-json\/wp\/v2\/categories?post=40831"},{"taxonomy":"post_tag","embeddable":true,"href":"https:\/\/centralmedia.rs\/index.php\/wp-json\/wp\/v2\/tags?post=40831"}],"curies":[{"name":"wp","href":"https:\/\/api.w.org\/{rel}","templated":true}]}}