{"id":40885,"date":"2025-01-03T17:49:51","date_gmt":"2025-01-03T16:49:51","guid":{"rendered":"https:\/\/centralmedia.rs\/?p=40885"},"modified":"2025-01-03T17:49:51","modified_gmt":"2025-01-03T16:49:51","slug":"odrzana-prva-despotova-decja-carolija","status":"publish","type":"post","link":"https:\/\/centralmedia.rs\/index.php\/2025\/01\/03\/odrzana-prva-despotova-decja-carolija\/","title":{"rendered":"ODR\u017dANA PRVA DESPOTOVA DE\u010cJA \u010cAROLIJA"},"content":{"rendered":"\n<p>Na Trgu despota Stefana Lazarevi\u0107a u Despotovcu odr\u017eana prva Despotova de\u010dja \u010darolija koja je privukla veliki broj mali\u0161ana i njihovih roditelja.<\/p>\n\n\n\n<figure class=\"wp-block-gallery has-nested-images columns-default is-cropped wp-block-gallery-1 is-layout-flex wp-block-gallery-is-layout-flex\">\n<figure class=\"wp-block-image size-large\"><img loading=\"lazy\" decoding=\"async\" width=\"1024\" height=\"768\" data-id=\"40888\" src=\"https:\/\/centralmedia.rs\/wp-content\/uploads\/2025\/01\/carolija1-1024x768.jpg\" alt=\"\" class=\"wp-image-40888\" srcset=\"https:\/\/centralmedia.rs\/wp-content\/uploads\/2025\/01\/carolija1-1024x768.jpg 1024w, https:\/\/centralmedia.rs\/wp-content\/uploads\/2025\/01\/carolija1-300x225.jpg 300w, https:\/\/centralmedia.rs\/wp-content\/uploads\/2025\/01\/carolija1-768x576.jpg 768w, https:\/\/centralmedia.rs\/wp-content\/uploads\/2025\/01\/carolija1-1536x1152.jpg 1536w, https:\/\/centralmedia.rs\/wp-content\/uploads\/2025\/01\/carolija1.jpg 2048w\" sizes=\"(max-width: 1024px) 100vw, 1024px\" \/><\/figure>\n\n\n\n<figure class=\"wp-block-image size-large\"><img loading=\"lazy\" decoding=\"async\" width=\"1024\" height=\"768\" data-id=\"40891\" src=\"https:\/\/centralmedia.rs\/wp-content\/uploads\/2025\/01\/carolija2-1024x768.jpg\" alt=\"\" class=\"wp-image-40891\" srcset=\"https:\/\/centralmedia.rs\/wp-content\/uploads\/2025\/01\/carolija2-1024x768.jpg 1024w, https:\/\/centralmedia.rs\/wp-content\/uploads\/2025\/01\/carolija2-300x225.jpg 300w, https:\/\/centralmedia.rs\/wp-content\/uploads\/2025\/01\/carolija2-768x576.jpg 768w, https:\/\/centralmedia.rs\/wp-content\/uploads\/2025\/01\/carolija2-1536x1152.jpg 1536w, https:\/\/centralmedia.rs\/wp-content\/uploads\/2025\/01\/carolija2.jpg 2048w\" sizes=\"(max-width: 1024px) 100vw, 1024px\" \/><\/figure>\n\n\n\n<figure class=\"wp-block-image size-large\"><img loading=\"lazy\" decoding=\"async\" width=\"1024\" height=\"768\" data-id=\"40889\" src=\"https:\/\/centralmedia.rs\/wp-content\/uploads\/2025\/01\/carolija3-1024x768.jpg\" alt=\"\" class=\"wp-image-40889\" srcset=\"https:\/\/centralmedia.rs\/wp-content\/uploads\/2025\/01\/carolija3-1024x768.jpg 1024w, https:\/\/centralmedia.rs\/wp-content\/uploads\/2025\/01\/carolija3-300x225.jpg 300w, https:\/\/centralmedia.rs\/wp-content\/uploads\/2025\/01\/carolija3-768x576.jpg 768w, https:\/\/centralmedia.rs\/wp-content\/uploads\/2025\/01\/carolija3-1536x1152.jpg 1536w, https:\/\/centralmedia.rs\/wp-content\/uploads\/2025\/01\/carolija3.jpg 2048w\" sizes=\"(max-width: 1024px) 100vw, 1024px\" \/><\/figure>\n\n\n\n<figure class=\"wp-block-image size-large\"><img loading=\"lazy\" decoding=\"async\" width=\"1024\" height=\"768\" data-id=\"40890\" src=\"https:\/\/centralmedia.rs\/wp-content\/uploads\/2025\/01\/carolija4-1024x768.jpg\" alt=\"\" class=\"wp-image-40890\" srcset=\"https:\/\/centralmedia.rs\/wp-content\/uploads\/2025\/01\/carolija4-1024x768.jpg 1024w, https:\/\/centralmedia.rs\/wp-content\/uploads\/2025\/01\/carolija4-300x225.jpg 300w, https:\/\/centralmedia.rs\/wp-content\/uploads\/2025\/01\/carolija4-768x576.jpg 768w, https:\/\/centralmedia.rs\/wp-content\/uploads\/2025\/01\/carolija4-1536x1152.jpg 1536w, https:\/\/centralmedia.rs\/wp-content\/uploads\/2025\/01\/carolija4.jpg 2048w\" sizes=\"(max-width: 1024px) 100vw, 1024px\" \/><\/figure>\n<\/figure>\n\n\n\n<p>Tokom ovog veselog prazni\u010dnog dana, deca su u\u017eivala u raznim aktivnostima, kao \u0161to su podela slatki\u0161a, fotografisanje sa Deda Mrazom, Ma\u0161om i Medom, kao i u de\u010djim igrama i pesmama.<\/p>\n\n\n\n<p>Za roditelje su bili pripremljeni topli napici, a svi su mogli da obi\u0111u i novogodi\u0161nji bazar.<\/p>\n","protected":false},"excerpt":{"rendered":"<p>Na Trgu despota Stefana Lazarevi\u0107a u Despotovcu odr\u017eana prva Despotova de\u010dja \u010darolija koja je privukla veliki broj mali\u0161ana i njihovih roditelja. Tokom ovog veselog prazni\u010dnog &hellip; <\/p>\n","protected":false},"author":2,"featured_media":40887,"comment_status":"closed","ping_status":"open","sticky":false,"template":"","format":"standard","meta":{"footnotes":""},"categories":[1518,1524,2,23,3055],"tags":[6814,51],"_links":{"self":[{"href":"https:\/\/centralmedia.rs\/index.php\/wp-json\/wp\/v2\/posts\/40885"}],"collection":[{"href":"https:\/\/centralmedia.rs\/index.php\/wp-json\/wp\/v2\/posts"}],"about":[{"href":"https:\/\/centralmedia.rs\/index.php\/wp-json\/wp\/v2\/types\/post"}],"author":[{"embeddable":true,"href":"https:\/\/centralmedia.rs\/index.php\/wp-json\/wp\/v2\/users\/2"}],"replies":[{"embeddable":true,"href":"https:\/\/centralmedia.rs\/index.php\/wp-json\/wp\/v2\/comments?post=40885"}],"version-history":[{"count":2,"href":"https:\/\/centralmedia.rs\/index.php\/wp-json\/wp\/v2\/posts\/40885\/revisions"}],"predecessor-version":[{"id":40892,"href":"https:\/\/centralmedia.rs\/index.php\/wp-json\/wp\/v2\/posts\/40885\/revisions\/40892"}],"wp:featuredmedia":[{"embeddable":true,"href":"https:\/\/centralmedia.rs\/index.php\/wp-json\/wp\/v2\/media\/40887"}],"wp:attachment":[{"href":"https:\/\/centralmedia.rs\/index.php\/wp-json\/wp\/v2\/media?parent=40885"}],"wp:term":[{"taxonomy":"category","embeddable":true,"href":"https:\/\/centralmedia.rs\/index.php\/wp-json\/wp\/v2\/categories?post=40885"},{"taxonomy":"post_tag","embeddable":true,"href":"https:\/\/centralmedia.rs\/index.php\/wp-json\/wp\/v2\/tags?post=40885"}],"curies":[{"name":"wp","href":"https:\/\/api.w.org\/{rel}","templated":true}]}}