{"id":40925,"date":"2025-01-06T16:00:26","date_gmt":"2025-01-06T15:00:26","guid":{"rendered":"https:\/\/centralmedia.rs\/?p=40925"},"modified":"2025-01-08T01:00:43","modified_gmt":"2025-01-08T00:00:43","slug":"badnjaci-u-opstinama-u-paracinu-i-despotovcu","status":"publish","type":"post","link":"https:\/\/centralmedia.rs\/index.php\/2025\/01\/06\/badnjaci-u-opstinama-u-paracinu-i-despotovcu\/","title":{"rendered":"BADNJACI U OP\u0160TINAMA U PARA\u0106INU I DESPOTOVCU"},"content":{"rendered":"\n<p>Pravoslavni vernici u Para\u0107inu ali i \u0161irom Srbije obele\u017eavaju Badnji dan i Badnje ve\u010de tradicionalnim uno\u0161enjem i paljenjem badnjaka, liturgijama u hramovima i porodi\u010dnim okupljanjem za posnom trpezom, pred najradosniji hri\u0161\u0107anski praznik Bo\u017ei\u0107 \u2013 praznik kojim se proslavlja ro\u0111enje Isusa Hrista. Prepodne je tradicionalno obavljeno i uno\u0161enje badnjaka u zgradu op\u0161tinske uprave Para\u0107in \u010dime je simboli\u010dno najavljena godina blagostanja i zdravlja za sve gra\u0111ane na\u0161e op\u0161tine.<\/p>\n\n\n\n<figure class=\"wp-block-image size-large\"><img loading=\"lazy\" decoding=\"async\" width=\"1024\" height=\"1024\" src=\"https:\/\/centralmedia.rs\/wp-content\/uploads\/2025\/01\/badnjak-1-1024x1024.jpg\" alt=\"\" class=\"wp-image-40928\" srcset=\"https:\/\/centralmedia.rs\/wp-content\/uploads\/2025\/01\/badnjak-1-1024x1024.jpg 1024w, https:\/\/centralmedia.rs\/wp-content\/uploads\/2025\/01\/badnjak-1-300x300.jpg 300w, https:\/\/centralmedia.rs\/wp-content\/uploads\/2025\/01\/badnjak-1-150x150.jpg 150w, https:\/\/centralmedia.rs\/wp-content\/uploads\/2025\/01\/badnjak-1-768x768.jpg 768w, https:\/\/centralmedia.rs\/wp-content\/uploads\/2025\/01\/badnjak-1.jpg 1440w\" sizes=\"(max-width: 1024px) 100vw, 1024px\" \/><\/figure>\n\n\n\n<figure class=\"wp-block-image size-large\"><img loading=\"lazy\" decoding=\"async\" width=\"1024\" height=\"1024\" src=\"https:\/\/centralmedia.rs\/wp-content\/uploads\/2025\/01\/badnjak-1024x1024.jpg\" alt=\"\" class=\"wp-image-40927\" srcset=\"https:\/\/centralmedia.rs\/wp-content\/uploads\/2025\/01\/badnjak-1024x1024.jpg 1024w, https:\/\/centralmedia.rs\/wp-content\/uploads\/2025\/01\/badnjak-300x300.jpg 300w, https:\/\/centralmedia.rs\/wp-content\/uploads\/2025\/01\/badnjak-150x150.jpg 150w, https:\/\/centralmedia.rs\/wp-content\/uploads\/2025\/01\/badnjak-768x768.jpg 768w, https:\/\/centralmedia.rs\/wp-content\/uploads\/2025\/01\/badnjak.jpg 1440w\" sizes=\"(max-width: 1024px) 100vw, 1024px\" \/><\/figure>\n\n\n\n<p>BADNjAK PRVI PUT UNET U ZGRADU OP\u0160TINE DESPOTOVAC<\/p>\n\n\n\n<p>Danas je prvi put u istoriji u zgradu Op\u0161tinske uprave unet Badnjak, sveto drvo koje je deo duboke tradicije pravoslavnog naroda.<\/p>\n\n\n\n<p>Ovim prvim \u010dinom uno\u0161enja Badnjaka, \u010delnici op\u0161tine \u017eele da podsete na va\u017enost tradicionalnih vrednosti kao \u0161to su vera, porodi\u010dni duh, ljubav,zajedni\u0161tvo i mir me\u0111u ljudima a ujedno i da svim vernicima \u010destitaju najve\u0107i pravoslavni praznik, Bo\u017ei\u0107. Hristos se rodi!<\/p>\n","protected":false},"excerpt":{"rendered":"<p>Pravoslavni vernici u Para\u0107inu ali i \u0161irom Srbije obele\u017eavaju Badnji dan i Badnje ve\u010de tradicionalnim uno\u0161enjem i paljenjem badnjaka, liturgijama u hramovima i porodi\u010dnim okupljanjem &hellip; <\/p>\n","protected":false},"author":2,"featured_media":40926,"comment_status":"closed","ping_status":"open","sticky":false,"template":"","format":"standard","meta":{"footnotes":""},"categories":[1518,1524,1516],"tags":[6822,51,156],"_links":{"self":[{"href":"https:\/\/centralmedia.rs\/index.php\/wp-json\/wp\/v2\/posts\/40925"}],"collection":[{"href":"https:\/\/centralmedia.rs\/index.php\/wp-json\/wp\/v2\/posts"}],"about":[{"href":"https:\/\/centralmedia.rs\/index.php\/wp-json\/wp\/v2\/types\/post"}],"author":[{"embeddable":true,"href":"https:\/\/centralmedia.rs\/index.php\/wp-json\/wp\/v2\/users\/2"}],"replies":[{"embeddable":true,"href":"https:\/\/centralmedia.rs\/index.php\/wp-json\/wp\/v2\/comments?post=40925"}],"version-history":[{"count":1,"href":"https:\/\/centralmedia.rs\/index.php\/wp-json\/wp\/v2\/posts\/40925\/revisions"}],"predecessor-version":[{"id":40929,"href":"https:\/\/centralmedia.rs\/index.php\/wp-json\/wp\/v2\/posts\/40925\/revisions\/40929"}],"wp:featuredmedia":[{"embeddable":true,"href":"https:\/\/centralmedia.rs\/index.php\/wp-json\/wp\/v2\/media\/40926"}],"wp:attachment":[{"href":"https:\/\/centralmedia.rs\/index.php\/wp-json\/wp\/v2\/media?parent=40925"}],"wp:term":[{"taxonomy":"category","embeddable":true,"href":"https:\/\/centralmedia.rs\/index.php\/wp-json\/wp\/v2\/categories?post=40925"},{"taxonomy":"post_tag","embeddable":true,"href":"https:\/\/centralmedia.rs\/index.php\/wp-json\/wp\/v2\/tags?post=40925"}],"curies":[{"name":"wp","href":"https:\/\/api.w.org\/{rel}","templated":true}]}}