{"id":40973,"date":"2024-03-25T00:34:38","date_gmt":"2024-03-24T23:34:38","guid":{"rendered":"https:\/\/centralmedia.rs\/?p=40973"},"modified":"2025-01-15T01:55:29","modified_gmt":"2025-01-15T00:55:29","slug":"zastitni-znak-festivala-dani-komedije","status":"publish","type":"post","link":"https:\/\/centralmedia.rs\/index.php\/2024\/03\/25\/zastitni-znak-festivala-dani-komedije\/","title":{"rendered":"ZA\u0160TITNI ZNAK FESTIVALA DANI KOMEDIJE"},"content":{"rendered":"\n<p>Festival u Jagodini&nbsp; traje od 20. do 27. marta a novinari tada rade 24 sata. Glas i pojava koji je obele\u017eava festival ve\u0107 tri decenije jer je na otvaranju i zatvaranju manifestacije je Dragan Markovi\u0107 Mare. On je otvarao i zatvarao festivale, dodeljivao nagrade. On je svojevrsni za\u0161titni znak festivala<\/p>\n\n\n\n<figure class=\"wp-block-gallery has-nested-images columns-default is-cropped wp-block-gallery-1 is-layout-flex wp-block-gallery-is-layout-flex\">\n<figure class=\"wp-block-image size-large\"><img loading=\"lazy\" decoding=\"async\" width=\"1024\" height=\"498\" data-id=\"38005\" src=\"https:\/\/centralmedia.rs\/wp-content\/uploads\/2024\/03\/celava-pevacica-1024x498.jpg\" alt=\"\" class=\"wp-image-38005\" srcset=\"https:\/\/centralmedia.rs\/wp-content\/uploads\/2024\/03\/celava-pevacica-1024x498.jpg 1024w, https:\/\/centralmedia.rs\/wp-content\/uploads\/2024\/03\/celava-pevacica-300x146.jpg 300w, https:\/\/centralmedia.rs\/wp-content\/uploads\/2024\/03\/celava-pevacica-768x373.jpg 768w, https:\/\/centralmedia.rs\/wp-content\/uploads\/2024\/03\/celava-pevacica-864x420.jpg 864w, https:\/\/centralmedia.rs\/wp-content\/uploads\/2024\/03\/celava-pevacica-640x311.jpg 640w, https:\/\/centralmedia.rs\/wp-content\/uploads\/2024\/03\/celava-pevacica-681x331.jpg 681w, https:\/\/centralmedia.rs\/wp-content\/uploads\/2024\/03\/celava-pevacica.jpg 1800w\" sizes=\"(max-width: 1024px) 100vw, 1024px\" \/><\/figure>\n\n\n\n<figure class=\"wp-block-image size-large\"><img loading=\"lazy\" decoding=\"async\" width=\"1024\" height=\"498\" data-id=\"37999\" src=\"https:\/\/centralmedia.rs\/wp-content\/uploads\/2024\/03\/brijuni-1024x498.jpg\" alt=\"\" class=\"wp-image-37999\" srcset=\"https:\/\/centralmedia.rs\/wp-content\/uploads\/2024\/03\/brijuni-1024x498.jpg 1024w, https:\/\/centralmedia.rs\/wp-content\/uploads\/2024\/03\/brijuni-300x146.jpg 300w, https:\/\/centralmedia.rs\/wp-content\/uploads\/2024\/03\/brijuni-768x373.jpg 768w, https:\/\/centralmedia.rs\/wp-content\/uploads\/2024\/03\/brijuni-864x420.jpg 864w, https:\/\/centralmedia.rs\/wp-content\/uploads\/2024\/03\/brijuni-640x311.jpg 640w, https:\/\/centralmedia.rs\/wp-content\/uploads\/2024\/03\/brijuni-681x331.jpg 681w, https:\/\/centralmedia.rs\/wp-content\/uploads\/2024\/03\/brijuni.jpg 2016w\" sizes=\"(max-width: 1024px) 100vw, 1024px\" \/><\/figure>\n<\/figure>\n\n\n\n<p>-Radovao sam se svakom festivalu, tih prole\u0107nih dana dru\u017eili smo se glumcima, rediteljima, piscima, scenografima, kosimografima. Kao mlad reporter priklju\u010dio sam se ekipi Radio stavrala\u0161tva koji su osmislili emisiju Radio fest, kasnije sam radio za Novi put&nbsp; i RTS hronike koje su svakodnevno emitovane. To nas je \u010dinilo posebnim jer smo u\u010destvovali u kreiranju rejtinga festivala. Svi smo bili u euforji da afirmi\u0161emo festival i grad. Svi mi ugradili smo deo sebe i uspeli u tome, a oni koji su osmisli festival mislim da su zadovoljni. Festival je sjajno osmi\u0161ljen i zato toliko traje, svi koji su radili su to vrhunski napravili, festival je posato brend, Jagodina je festivalski grad. Dani komedije su negovali komediju. Gledao sam prvu pobedni\u010dku Bubu u uhu, bio sam gimnazijalac. Kvalitet je bio i ostao vrhunski, ka\u017ee novinar Dragan Markovi\u0107, koji je dobitnik mnogobrojnih novinarskih nagrada.<\/p>\n","protected":false},"excerpt":{"rendered":"<p>Festival u Jagodini&nbsp; traje od 20. do 27. marta a novinari tada rade 24 sata. Glas i pojava koji je obele\u017eava festival ve\u0107 tri decenije &hellip; <\/p>\n","protected":false},"author":2,"featured_media":41016,"comment_status":"closed","ping_status":"open","sticky":false,"template":"","format":"standard","meta":{"footnotes":""},"categories":[1524,2,1514,5643,887],"tags":[506,6833],"_links":{"self":[{"href":"https:\/\/centralmedia.rs\/index.php\/wp-json\/wp\/v2\/posts\/40973"}],"collection":[{"href":"https:\/\/centralmedia.rs\/index.php\/wp-json\/wp\/v2\/posts"}],"about":[{"href":"https:\/\/centralmedia.rs\/index.php\/wp-json\/wp\/v2\/types\/post"}],"author":[{"embeddable":true,"href":"https:\/\/centralmedia.rs\/index.php\/wp-json\/wp\/v2\/users\/2"}],"replies":[{"embeddable":true,"href":"https:\/\/centralmedia.rs\/index.php\/wp-json\/wp\/v2\/comments?post=40973"}],"version-history":[{"count":1,"href":"https:\/\/centralmedia.rs\/index.php\/wp-json\/wp\/v2\/posts\/40973\/revisions"}],"predecessor-version":[{"id":40975,"href":"https:\/\/centralmedia.rs\/index.php\/wp-json\/wp\/v2\/posts\/40973\/revisions\/40975"}],"wp:featuredmedia":[{"embeddable":true,"href":"https:\/\/centralmedia.rs\/index.php\/wp-json\/wp\/v2\/media\/41016"}],"wp:attachment":[{"href":"https:\/\/centralmedia.rs\/index.php\/wp-json\/wp\/v2\/media?parent=40973"}],"wp:term":[{"taxonomy":"category","embeddable":true,"href":"https:\/\/centralmedia.rs\/index.php\/wp-json\/wp\/v2\/categories?post=40973"},{"taxonomy":"post_tag","embeddable":true,"href":"https:\/\/centralmedia.rs\/index.php\/wp-json\/wp\/v2\/tags?post=40973"}],"curies":[{"name":"wp","href":"https:\/\/api.w.org\/{rel}","templated":true}]}}