{"id":410,"date":"2015-10-13T22:20:23","date_gmt":"2015-10-13T22:20:23","guid":{"rendered":"http:\/\/centralmedia.rs\/?p=410"},"modified":"2015-10-13T22:20:23","modified_gmt":"2015-10-13T22:20:23","slug":"cetiri-miliona-sirijaca-krece-ka-evropi","status":"publish","type":"post","link":"https:\/\/centralmedia.rs\/index.php\/2015\/10\/13\/cetiri-miliona-sirijaca-krece-ka-evropi\/","title":{"rendered":"\u010cETIRI MILIONA SIRIJACA KRE\u0106E KA EVROPI"},"content":{"rendered":"<p>JAGODINA-Narodni poslanik i predsednik skup\u0161tinog odbora za KIM Milovan Drecun izjavio je u Jagodini da Srbija i u narednom periodu mora da vodi izbalansiranu politiku, dobro je da su pobolj\u0161ani odnosi sa Amerikom i da nas vi\u0161e ne tretiraju kao deo problema ve\u0107 re\u0161enja.  On je na tribini pomoravskog Rotari kluba, povodom talasa izbeglih sa Bliskog istoka koji se kre\u0107e ka Evropi, upozorio da se u kampovima nalazi \u010detiri miliona Sirijaca i da mo\u017ee do\u0107i do pokreta ka Evropi.<br \/>\n-Srbija mora da vodi ra\u010duna, jer je pod stalnom prismotrom mo\u0107nih zemalja, i da dobijamo pohvale umesto kritike. Zabrinjava \u010dinjenica da se veliki broj Sirijaca nalazi u Turskoj , Libanu i Jordanu. Procenjuje se da ih ima oko \u010detiri miliona, a ako se nastavi rat u Siriji mo\u017ee do\u0107i do pokretanja ljudi i to onih najsiroma\u0161nijih. Evropa mora da na\u0111e re\u0161enje, a Srbija je samo tranzitna i bi\u0107e sastavni deo zajedni\u010dke evropske politike. Izvori\u0161te krize je u Siriji gde je mno\u0161tvo interesa me\u0111usobno suprostavljenih, ka\u017ee Drecun.<br \/>\nOn je istakao da je Srbija izbalansiranim odnosom prema migrantima izbegla opasan negativni efekat.<br \/>\n-Smanjen je broj ilegalnih ulazaka, jer su bili otvoreni kanali za \u0161verc ljudi i to je svedeno na prihvatljivu meru pet do deset odsto. Bitno je registrovati te ljude, uzimaju se otisci i pravi se baza podataka. Saradnja za bezbednosnim slu\u017ebama drugih zemalja je intenzivna ,prate se ekstremisti i poku\u0161ava se da se sve stavi pod kontrolu, napominje Drecun.<br \/>\n\tOn je dodao da normalizacija odnosa sa Kosmetom ide dosta te\u0161ko zbog opstrukcija Pri\u0161tine, ali je va\u017eno da ,,nismo naru\u0161ili na\u0161e bilateralne odnose sa Rusijom i Kinom\u201c.<br \/>\n-Na\u0161e interese moramo da uklopimo u interese velikih. Izbeglice \u0107e biti aktuelne i u narednom periodu, ali smatra da \u0107e dr\u017eava promi\u0161ljenom politikom  re\u0161avati probleme u kontinuitetu, zaklju\u010duje Drecun.<br \/>\nNa tribuini je govorio i<br \/>\nprofesor Fakulteta bezbednosti u Beogradu dr Darko Trifunovi\u0107, koji je naveo da SAD ka\u017enjava Nema\u010dku zbog dobrih odnosa sa Rusijom i da se zbog toga desilo \u201earapsko prole\u0107e\u201c, Ukrajinska kriza  i prekomponovanja vlasti u Mediteranu.<br \/>\n-Ljudi iz Beograda  aktivno su  u\u010destvovali u ru\u0161enju vlasti u  Egiptu, Tunisu, Maroku, kao predstavnici organizacije \u201eKambas\u201c koja  je nastavak \u201eOtpora\u201c. Amerikanci su izazivanjem kriza u arapskom svetu, Ukrajini i Gr\u010dkoj napravili velike turbolencije u ovom delu sveta. Prve izbeglice su bile sa Kosova njih oko sto hiljada. Osim izbeglica iz ratom zahva\u0107enih podru\u010dja ima i lica iz Pakistana, Avganistana i drugih zemalja i da njih treba tretirati kao ilegalne migrante. Zabranjen je ilegalan prelaz granica, a na\u0161a dr\u017eava takve ne sankcioni\u0161e. Neko je to dozvolio, a nismo u ovom momentu svesni posledica. Izbegli\u010dki kampovi na Bliskom istoku su izvor kriminala, terorizma i nestabilnosti. Zbog toga sam protiv gradnje izbegli\u010dkih kampova u Srbiji. Zbog toga je Ma\u0111arska podigla zid, jer je  Nema\u010dka  fakti\u010dki dala naredbu da hermeti\u010dki zatvore granice. Na zimu \u0107e biti prekinuto kretanje izbeglica, ali na prole\u0107e \u0107e biti novih ve\u0107ih  kretanja ljudi. Zbog toga zakonodavac mora preduzeti korake da se Srbija za\u0161titi ,istakao je dr Trifunovi\u0107.<\/p>\n","protected":false},"excerpt":{"rendered":"<p>JAGODINA-Narodni poslanik i predsednik skup\u0161tinog odbora za KIM Milovan Drecun izjavio je u Jagodini da Srbija i u narednom periodu mora da vodi izbalansiranu politiku, &hellip; <\/p>\n","protected":false},"author":4,"featured_media":411,"comment_status":"open","ping_status":"open","sticky":false,"template":"","format":"standard","meta":{"footnotes":""},"categories":[14],"tags":[41,43,42],"_links":{"self":[{"href":"https:\/\/centralmedia.rs\/index.php\/wp-json\/wp\/v2\/posts\/410"}],"collection":[{"href":"https:\/\/centralmedia.rs\/index.php\/wp-json\/wp\/v2\/posts"}],"about":[{"href":"https:\/\/centralmedia.rs\/index.php\/wp-json\/wp\/v2\/types\/post"}],"author":[{"embeddable":true,"href":"https:\/\/centralmedia.rs\/index.php\/wp-json\/wp\/v2\/users\/4"}],"replies":[{"embeddable":true,"href":"https:\/\/centralmedia.rs\/index.php\/wp-json\/wp\/v2\/comments?post=410"}],"version-history":[{"count":0,"href":"https:\/\/centralmedia.rs\/index.php\/wp-json\/wp\/v2\/posts\/410\/revisions"}],"wp:featuredmedia":[{"embeddable":true,"href":"https:\/\/centralmedia.rs\/index.php\/wp-json\/wp\/v2\/media\/411"}],"wp:attachment":[{"href":"https:\/\/centralmedia.rs\/index.php\/wp-json\/wp\/v2\/media?parent=410"}],"wp:term":[{"taxonomy":"category","embeddable":true,"href":"https:\/\/centralmedia.rs\/index.php\/wp-json\/wp\/v2\/categories?post=410"},{"taxonomy":"post_tag","embeddable":true,"href":"https:\/\/centralmedia.rs\/index.php\/wp-json\/wp\/v2\/tags?post=410"}],"curies":[{"name":"wp","href":"https:\/\/api.w.org\/{rel}","templated":true}]}}