{"id":4103,"date":"2016-08-07T16:13:55","date_gmt":"2016-08-07T16:13:55","guid":{"rendered":"http:\/\/centralmedia.rs\/?p=4103"},"modified":"2017-01-16T14:18:39","modified_gmt":"2017-01-16T14:18:39","slug":"dani-dijaspore-u-lipovici-kod-despotovca-7-lipovicke-letnje-noci","status":"publish","type":"post","link":"https:\/\/centralmedia.rs\/index.php\/2016\/08\/07\/dani-dijaspore-u-lipovici-kod-despotovca-7-lipovicke-letnje-noci\/","title":{"rendered":"DANI DIJASPORE U LIPOVICI KOD DESPOTOVCA &#8211; 7. LIPOVI\u010cKE LETNJE NO\u0106I"},"content":{"rendered":"<p>DESPOTOVAC-Manifestacija Dani dijaspore &#8211; &#8220;Lipova\u010dke letnje no\u0107i&#8221;, koja je ovog vikenda \u00a0odr\u017eana u Lipovici kod Despotovca sedmi put, \u00a0okupila je preko 3.000 u\u010desnika i posetilaca iz Srbije i dijaspore. \u00a0Negovanje srpske tradicije, zaboravljenih pastirskih igra i\u00a0 obi\u010daja je cilj te manifestacije.<\/p>\n<div id='gallery-1' class='gallery galleryid-4103 gallery-columns-3 gallery-size-thumbnail'><figure class='gallery-item'>\n\t\t\t<div class='gallery-icon portrait'>\n\t\t\t\t<a href='https:\/\/centralmedia.rs\/index.php\/2016\/08\/07\/dani-dijaspore-u-lipovici-kod-despotovca-7-lipovicke-letnje-noci\/despotovac-milanka-cvetkovic-predsednica-grupe-za-manifestacio\/'><img loading=\"lazy\" decoding=\"async\" width=\"150\" height=\"150\" src=\"https:\/\/centralmedia.rs\/wp-content\/uploads\/2016\/08\/Despotovac-Milanka-Cvetkovic-predsednica-grupe-za-manifestacioni-turizam-Privredne-komore-Srbije-1g-150x150.jpg\" class=\"attachment-thumbnail size-thumbnail\" alt=\"\" aria-describedby=\"gallery-1-4105\" \/><\/a>\n\t\t\t<\/div>\n\t\t\t\t<figcaption class='wp-caption-text gallery-caption' id='gallery-1-4105'>\n\t\t\t\tMilanka Cvetkovi\u0107\n\t\t\t\t<\/figcaption><\/figure><figure class='gallery-item'>\n\t\t\t<div class='gallery-icon landscape'>\n\t\t\t\t<a href='https:\/\/centralmedia.rs\/index.php\/2016\/08\/07\/dani-dijaspore-u-lipovici-kod-despotovca-7-lipovicke-letnje-noci\/despotovac-bacanje-kamena-s-ramena\/'><img loading=\"lazy\" decoding=\"async\" width=\"150\" height=\"150\" src=\"https:\/\/centralmedia.rs\/wp-content\/uploads\/2016\/08\/bacanje-kamena-s-ramena-Despotovac-z.g.-150x150.jpg\" class=\"attachment-thumbnail size-thumbnail\" alt=\"\" \/><\/a>\n\t\t\t<\/div><\/figure><figure class='gallery-item'>\n\t\t\t<div class='gallery-icon landscape'>\n\t\t\t\t<a href='https:\/\/centralmedia.rs\/index.php\/2016\/08\/07\/dani-dijaspore-u-lipovici-kod-despotovca-7-lipovicke-letnje-noci\/nadvlacenje-konopca-despotovac-z-g-2\/'><img loading=\"lazy\" decoding=\"async\" width=\"150\" height=\"150\" src=\"https:\/\/centralmedia.rs\/wp-content\/uploads\/2016\/08\/nadvlacenje-konopca-Despotovac-z.g.-1-150x150.jpg\" class=\"attachment-thumbnail size-thumbnail\" alt=\"\" \/><\/a>\n\t\t\t<\/div><\/figure>\n\t\t<\/div>\n\n<p>Milanka Cvetkovi\u0107, predsednica Grupe za manifestacioni turizam u Privrednoj komori Srbije, osniva\u010d i predsednica Udru\u017eenja &#8220;Turizam i manifestacije Srbije&#8221; ocenila je da ova manifestacija ima ozbiljnog organizatora i dobru ideju. \u00a0 \u00a0 \u00a0 \u00a0 \u00a0 \u00a0 \u00a0 \u00a0 \u00a0 \u00a0 \u00a0 \u00a0 \u00a0 \u00a0 \u00a0 \u00a0 \u00a0 \u00a0 \u00a0 \u00a0 \u00a0\u00a0-Manifestacije Bojana Milanovi\u0107a, predsednika Udru\u017eenja &#8220;Lipa Lipovica&#8221;, u Privrednoj komori Srbije uvek se pominju kao ne\u0161to vredno hvale i veoma uklopljivo u okolinu, koja je spoj prirodnih lepota, kulturno-istorijskih spomenika. Destinacija za preporuku doma\u0107im i inostranim turistima. Divim se entuzijazmu, vredno\u0107i, idejama i ozbiljnosti Milanovi\u0107a, ali je \u0161teta \u0161to to nije ba\u0161 nai\u0161lo na adekvatnu podr\u0161ku, jer je on i za\u010detnik seoskog turizma u despotova\u010dkoj op\u0161tini, kazala je ona. \u00a0 \u00a0 \u00a0 \u00a0 \u00a0 \u00a0 \u00a0 \u00a0 \u00a0 \u00a0 \u00a0 \u00a0 \u00a0 \u00a0 \u00a0 \u00a0 \u00a0 \u00a0 \u00a0 \u00a0 \u00a0 \u00a0 \u00a0 \u00a0 \u00a0 \u00a0 \u00a0 \u00a0 \u00a0 \u00a0 \u00a0 \u00a0 \u00a0 \u00a0 \u00a0 \u00a0 \u00a0 \u00a0 \u00a0 \u00a0 \u00a0 \u00a0 \u00a0 \u00a0 \u00a0 \u00a0 \u00a0Pored brojnih kulturno-umetni\u010dkih dru\u0161tava, u\u010desnici su se nadmetali u bacanju kamena s ramena, nadvla\u010denju konopca i hajdu\u010dkom vi\u0161eboju. \u00a0 \u00a0 \u00a0 \u00a0 \u00a0 \u00a0 \u00a0 \u00a0 \u00a0 \u00a0 \u00a0 \u00a0 \u00a0 \u00a0 \u00a0 \u00a0 \u00a0 \u00a0 \u00a0 \u00a0 \u00a0 \u00a0 \u00a0 \u00a0 \u00a0 \u00a0 \u00a0 \u00a0-Pored o\u010duvanja kulture i tradicije, prethodne manifestacije obogatili smo dopunskim sadr\u017eajima, poput obilaska znamenitosti u op\u0161tini, Sabora Udru\u017eenja ov\u010dara i kozara Srbije i sli\u010dnog. Zato je na\u0161 promo film na Susretima organizatora manifestacija u Privrednoj komori Srbije 2012. godine, u konkurenciji dvadesetak filmova, pobedio i osvojio &#8220;turisti\u010dku slagalicu&#8221;, presti\u017eno priznanje Privredne komore Srbije, isti\u010de Milanovi\u0107 i dodaje da je su posetioci bili u prilici da vide nagra\u0111eni film. \u00a0 \u00a0 \u00a0 \u00a0 \u00a0 \u00a0 \u00a0 \u00a0 \u00a0 \u00a0 \u00a0 \u00a0 \u00a0 \u00a0 \u00a0 \u00a0 \u00a0 \u00a0 \u00a0 \u00a0 \u00a0 \u00a0 \u00a0 \u00a0 \u00a0 \u00a0 \u00a0 \u00a0 \u00a0 \u00a0 \u00a0 \u00a0 \u00a0\u00a0 \u00a0 \u00a0 \u00a0 \u00a0 \u00a0 \u00a0 \u00a0 \u00a0 \u00a0 \u00a0U Lipovici je organizovan i fesival &#8220;Manifestacija starih zanata i suvenira&#8221;. Organizatori manifestacije su Udru\u017eenje &#8220;Lipa Lipovica&#8221;, Turisti\u010dka organizacija i Centar za kulturu Despotovac, a pokrovitelj op\u0161tina Despotovac.\u00a0Radoljub Mi\u0161kovi\u0107, \u010dlan Organizacionog odbora, do\u0161ao je iz Austrije samo zbog ovog de\u0161avanja, jer, ka\u017ee, ova manifestacija jo\u0161 uvek va\u017ei za jedinstven spoj matice i dijaspore.<\/p>\n<p><strong><em>Pozitivni primeri-Razglednica iz Despotovca \u2013 Projekat se realizuje uz pomo\u0107 sredstava iz bud\u017eeta Op\u0161tine Despotovac<\/em><\/strong><\/p>\n","protected":false},"excerpt":{"rendered":"<p>DESPOTOVAC-Manifestacija Dani dijaspore &#8211; &#8220;Lipova\u010dke letnje no\u0107i&#8221;, koja je ovog vikenda \u00a0odr\u017eana u Lipovici kod Despotovca sedmi put, \u00a0okupila je preko 3.000 u\u010desnika i posetilaca &hellip; <\/p>\n","protected":false},"author":4,"featured_media":4104,"comment_status":"open","ping_status":"open","sticky":false,"template":"","format":"standard","meta":{"footnotes":""},"categories":[1518,1524,2,887],"tags":[1097,51,1087,1096],"_links":{"self":[{"href":"https:\/\/centralmedia.rs\/index.php\/wp-json\/wp\/v2\/posts\/4103"}],"collection":[{"href":"https:\/\/centralmedia.rs\/index.php\/wp-json\/wp\/v2\/posts"}],"about":[{"href":"https:\/\/centralmedia.rs\/index.php\/wp-json\/wp\/v2\/types\/post"}],"author":[{"embeddable":true,"href":"https:\/\/centralmedia.rs\/index.php\/wp-json\/wp\/v2\/users\/4"}],"replies":[{"embeddable":true,"href":"https:\/\/centralmedia.rs\/index.php\/wp-json\/wp\/v2\/comments?post=4103"}],"version-history":[{"count":0,"href":"https:\/\/centralmedia.rs\/index.php\/wp-json\/wp\/v2\/posts\/4103\/revisions"}],"wp:featuredmedia":[{"embeddable":true,"href":"https:\/\/centralmedia.rs\/index.php\/wp-json\/wp\/v2\/media\/4104"}],"wp:attachment":[{"href":"https:\/\/centralmedia.rs\/index.php\/wp-json\/wp\/v2\/media?parent=4103"}],"wp:term":[{"taxonomy":"category","embeddable":true,"href":"https:\/\/centralmedia.rs\/index.php\/wp-json\/wp\/v2\/categories?post=4103"},{"taxonomy":"post_tag","embeddable":true,"href":"https:\/\/centralmedia.rs\/index.php\/wp-json\/wp\/v2\/tags?post=4103"}],"curies":[{"name":"wp","href":"https:\/\/api.w.org\/{rel}","templated":true}]}}