{"id":4109,"date":"2016-08-07T16:39:14","date_gmt":"2016-08-07T16:39:14","guid":{"rendered":"http:\/\/centralmedia.rs\/?p=4109"},"modified":"2017-01-20T01:05:29","modified_gmt":"2017-01-20T01:05:29","slug":"levacki-sabor-najlepsa-branka-dordevic-najpletenica-milena-lukic-najbrk-zoran-lazarevic","status":"publish","type":"post","link":"https:\/\/centralmedia.rs\/index.php\/2016\/08\/07\/levacki-sabor-najlepsa-branka-dordevic-najpletenica-milena-lukic-najbrk-zoran-lazarevic\/","title":{"rendered":"LEVA\u010cKI SABOR-NAJLEP\u0160A BRANKA \u0110OR\u0110EVI\u0106, NAJPLETENICA MILENA LUKI\u0106 I NAJBRK ZORAN LAZAREVI\u0106"},"content":{"rendered":"<p>REKOVAC- Najlep\u0161a saborica 47. Sabora\u00a0 ,,Pro\u0111oh Leva\u010d, pro\u0111oh \u0160umadiju, odr\u017eanog danas u porti \u00a0manastira Kaleni\u0107 kod Rekovca, je \u00a0Branka \u0110or\u0111evi\u0107 iz Velike Lomnice, najdu\u017eu pletenicu ima Milena Luki\u0107, a najdu\u017ee brkove Zoran Lazarevi\u0107 iz Ni\u0161a.<\/p>\n<div id='gallery-1' class='gallery galleryid-4109 gallery-columns-3 gallery-size-thumbnail'><figure class='gallery-item'>\n\t\t\t<div class='gallery-icon landscape'>\n\t\t\t\t<a href='https:\/\/centralmedia.rs\/index.php\/2016\/08\/07\/levacki-sabor-najlepsa-branka-dordevic-najpletenica-milena-lukic-najbrk-zoran-lazarevic\/najlepsa-saborica-branka-djordjevic-1-rekovac-g-j\/'><img loading=\"lazy\" decoding=\"async\" width=\"150\" height=\"150\" src=\"https:\/\/centralmedia.rs\/wp-content\/uploads\/2016\/08\/najlepsa-saborica-branka-djordjevic-1-rekovac-g.j.-150x150.jpg\" class=\"attachment-thumbnail size-thumbnail\" alt=\"\" aria-describedby=\"gallery-1-4111\" \/><\/a>\n\t\t\t<\/div>\n\t\t\t\t<figcaption class='wp-caption-text gallery-caption' id='gallery-1-4111'>\n\t\t\t\tBranka \u0110or\u0111evi\u0107\n\t\t\t\t<\/figcaption><\/figure><figure class='gallery-item'>\n\t\t\t<div class='gallery-icon landscape'>\n\t\t\t\t<a href='https:\/\/centralmedia.rs\/index.php\/2016\/08\/07\/levacki-sabor-najlepsa-branka-dordevic-najpletenica-milena-lukic-najbrk-zoran-lazarevic\/zoran-lazarevic-najbrk-1-rekovac-g-j\/'><img loading=\"lazy\" decoding=\"async\" width=\"150\" height=\"150\" src=\"https:\/\/centralmedia.rs\/wp-content\/uploads\/2016\/08\/zoran-lazarevic-najbrk-1-rekovac-g.j.-150x150.jpg\" class=\"attachment-thumbnail size-thumbnail\" alt=\"\" aria-describedby=\"gallery-1-4112\" \/><\/a>\n\t\t\t<\/div>\n\t\t\t\t<figcaption class='wp-caption-text gallery-caption' id='gallery-1-4112'>\n\t\t\t\tZoran Lazarevi\u0107\n\t\t\t\t<\/figcaption><\/figure><figure class='gallery-item'>\n\t\t\t<div class='gallery-icon portrait'>\n\t\t\t\t<a href='https:\/\/centralmedia.rs\/index.php\/2016\/08\/07\/levacki-sabor-najlepsa-branka-dordevic-najpletenica-milena-lukic-najbrk-zoran-lazarevic\/sladjan-saboras-rekovac-g-j\/'><img loading=\"lazy\" decoding=\"async\" width=\"150\" height=\"150\" src=\"https:\/\/centralmedia.rs\/wp-content\/uploads\/2016\/08\/sladjan-saboras-rekovac-g.j.-150x150.jpg\" class=\"attachment-thumbnail size-thumbnail\" alt=\"\" aria-describedby=\"gallery-1-4113\" \/><\/a>\n\t\t\t<\/div>\n\t\t\t\t<figcaption class='wp-caption-text gallery-caption' id='gallery-1-4113'>\n\t\t\t\tSabora\u0161 Sla\u0111an iz Milo\u0161eva\n\t\t\t\t<\/figcaption><\/figure>\n\t\t<\/div>\n\n<p>-Veoma sam uzbu\u0111ena, nisam o\u010dekivala da \u0107u biti najlep\u0161a saborica. Prvi put sam ovde i odmah titula, ka\u017ee Branka \u0110or\u0111evi\u0107.Prva pratilja je Aleksandra Marinovi\u0107 iz Velike Plane, a druga pratilja je Jelena Radosavljevi\u0107 iz Milo\u0161eva.<\/p>\n<div id='gallery-2' class='gallery galleryid-4109 gallery-columns-3 gallery-size-thumbnail'><figure class='gallery-item'>\n\t\t\t<div class='gallery-icon landscape'>\n\t\t\t\t<a href='https:\/\/centralmedia.rs\/index.php\/2016\/08\/07\/levacki-sabor-najlepsa-branka-dordevic-najpletenica-milena-lukic-najbrk-zoran-lazarevic\/helena-corbic-rekovac-g-j\/'><img loading=\"lazy\" decoding=\"async\" width=\"150\" height=\"150\" src=\"https:\/\/centralmedia.rs\/wp-content\/uploads\/2016\/08\/helena-corbic-rekovac-g.j.-150x150.jpg\" class=\"attachment-thumbnail size-thumbnail\" alt=\"\" aria-describedby=\"gallery-2-4115\" \/><\/a>\n\t\t\t<\/div>\n\t\t\t\t<figcaption class='wp-caption-text gallery-caption' id='gallery-2-4115'>\n\t\t\t\tHelena \u010corbi\u0107\n\t\t\t\t<\/figcaption><\/figure><figure class='gallery-item'>\n\t\t\t<div class='gallery-icon landscape'>\n\t\t\t\t<a href='https:\/\/centralmedia.rs\/index.php\/2016\/08\/07\/levacki-sabor-najlepsa-branka-dordevic-najpletenica-milena-lukic-najbrk-zoran-lazarevic\/kristina-stosic-rekovac-g-j\/'><img loading=\"lazy\" decoding=\"async\" width=\"150\" height=\"150\" src=\"https:\/\/centralmedia.rs\/wp-content\/uploads\/2016\/08\/kristina-stosic-rekovac-g.j.-150x150.jpg\" class=\"attachment-thumbnail size-thumbnail\" alt=\"\" aria-describedby=\"gallery-2-4116\" \/><\/a>\n\t\t\t<\/div>\n\t\t\t\t<figcaption class='wp-caption-text gallery-caption' id='gallery-2-4116'>\n\t\t\t\tKristina Sto\u0161i\u0107\n\t\t\t\t<\/figcaption><\/figure><figure class='gallery-item'>\n\t\t\t<div class='gallery-icon landscape'>\n\t\t\t\t<a href='https:\/\/centralmedia.rs\/index.php\/2016\/08\/07\/levacki-sabor-najlepsa-branka-dordevic-najpletenica-milena-lukic-najbrk-zoran-lazarevic\/milena-lukic-rekovac-g-j\/'><img loading=\"lazy\" decoding=\"async\" width=\"150\" height=\"150\" src=\"https:\/\/centralmedia.rs\/wp-content\/uploads\/2016\/08\/milena-lukic-rekovac-g.j.-150x150.jpg\" class=\"attachment-thumbnail size-thumbnail\" alt=\"\" aria-describedby=\"gallery-2-4117\" \/><\/a>\n\t\t\t<\/div>\n\t\t\t\t<figcaption class='wp-caption-text gallery-caption' id='gallery-2-4117'>\n\t\t\t\tMilena Luki\u0107\n\t\t\t\t<\/figcaption><\/figure>\n\t\t<\/div>\n\n<p>Najdu\u017eu pletenicu od 132 santimetra ima Milena Luki\u0107 (27) iz Jagodine, dok su mla\u0111im kategorijama najdu\u017ee pletenice imale Kristina Sto\u0161i\u0107 iz Milutovca 124 santimetra i Helena \u010corbi\u0107 94 santimetra. \u00a0 \u00a0 \u00a0 \u00a0 \u00a0 \u00a0 \u00a0 \u00a0 \u00a0 \u00a0 \u00a0 \u00a0 \u00a0 \u00a0 \u00a0 \u00a0 \u00a0 \u00a0 \u00a0 \u00a0 \u00a0 \u00a0 \u00a0 \u00a0 \u00a0 \u00a0 \u00a0 \u00a0 \u00a0 \u00a0 \u00a0 \u00a0 \u00a0 \u00a0 \u00a0 \u00a0 \u00a0 \u00a0 \u00a0 \u00a0 \u00a0 \u00a0 \u00a0 \u00a0 \u00a0 \u00a0 \u00a0 \u00a0 \u00a0 \u00a0 \u00a0 \u00a0&#8212; \u00a0 \u00a0 \u00a0 \u00a0 \u00a0 -Od 2012. godine pu\u0161tam pletenicu. Veoma je zahtevno odr\u017eavanje kose ove du\u017eine, ali to meni ne predstavlja problem, pri\u010da Milena Luki\u0107.<\/p>\n<div id='gallery-3' class='gallery galleryid-4109 gallery-columns-3 gallery-size-thumbnail'><figure class='gallery-item'>\n\t\t\t<div class='gallery-icon landscape'>\n\t\t\t\t<a href='https:\/\/centralmedia.rs\/index.php\/2016\/08\/07\/levacki-sabor-najlepsa-branka-dordevic-najpletenica-milena-lukic-najbrk-zoran-lazarevic\/najlepsa-saborica-branka-djordjevic-rekovac-g-j\/'><img loading=\"lazy\" decoding=\"async\" width=\"150\" height=\"150\" src=\"https:\/\/centralmedia.rs\/wp-content\/uploads\/2016\/08\/najlepsa-saborica-branka-djordjevic-rekovac-g.j.-150x150.jpg\" class=\"attachment-thumbnail size-thumbnail\" alt=\"\" aria-describedby=\"gallery-3-4114\" \/><\/a>\n\t\t\t<\/div>\n\t\t\t\t<figcaption class='wp-caption-text gallery-caption' id='gallery-3-4114'>\n\t\t\t\tNajlep\u0161e saborice\n\t\t\t\t<\/figcaption><\/figure><figure class='gallery-item'>\n\t\t\t<div class='gallery-icon portrait'>\n\t\t\t\t<a href='https:\/\/centralmedia.rs\/index.php\/2016\/08\/07\/levacki-sabor-najlepsa-branka-dordevic-najpletenica-milena-lukic-najbrk-zoran-lazarevic\/najlespe-nosnje-rekovac-g-j\/'><img loading=\"lazy\" decoding=\"async\" width=\"150\" height=\"150\" src=\"https:\/\/centralmedia.rs\/wp-content\/uploads\/2016\/08\/najlespe-nosnje-rekovac-g.j.-150x150.jpg\" class=\"attachment-thumbnail size-thumbnail\" alt=\"\" aria-describedby=\"gallery-3-4119\" \/><\/a>\n\t\t\t<\/div>\n\t\t\t\t<figcaption class='wp-caption-text gallery-caption' id='gallery-3-4119'>\n\t\t\t\tNajlep\u0161a \u017eenska i mu\u0161ka no\u0161nja\n\t\t\t\t<\/figcaption><\/figure><figure class='gallery-item'>\n\t\t\t<div class='gallery-icon landscape'>\n\t\t\t\t<a href='https:\/\/centralmedia.rs\/index.php\/2016\/08\/07\/levacki-sabor-najlepsa-branka-dordevic-najpletenica-milena-lukic-najbrk-zoran-lazarevic\/zoran-lazarevic-najbrk-rekovac-g-j\/'><img loading=\"lazy\" decoding=\"async\" width=\"150\" height=\"150\" src=\"https:\/\/centralmedia.rs\/wp-content\/uploads\/2016\/08\/zoran-lazarevic-najbrk-rekovac-g.j.-150x150.jpg\" class=\"attachment-thumbnail size-thumbnail\" alt=\"\" aria-describedby=\"gallery-3-4120\" \/><\/a>\n\t\t\t<\/div>\n\t\t\t\t<figcaption class='wp-caption-text gallery-caption' id='gallery-3-4120'>\n\t\t\t\tNajbrk Zoran Lazarevi\u0107\n\t\t\t\t<\/figcaption><\/figure>\n\t\t<\/div>\n\n<p>Najbrk sabora je Zoran Lazarevi\u0107 (66) iz Ni\u0161a koji ima brkove duge 126 santimetra. \u00a0 \u00a0 \u00a0 \u00a0 \u00a0 \u00a0 \u00a0-Od 24. godine nosim brkove, a za lepe brkove recept je svakodnevno negovanje. Prvi put sam na saboru, jer sam radio 40 godina u inostranstvu. Brkove zamotam oko u\u0161iju i tako ih nosim. Pravi mu\u0161karac treba da ima lepe i velike brkove, obja\u0161njava svoj recept za lepe brkove Lazarevi\u0107. \u00a0 \u00a0 \u00a0 \u00a0 \u00a0 \u00a0 \u00a0 \u00a0 \u00a0 \u00a0 \u00a0 \u00a0 \u00a0 \u00a0 \u00a0 \u00a0 \u00a0 \u00a0 \u00a0 \u00a0 \u00a0 \u00a0 \u00a0 \u00a0 \u00a0 \u00a0 \u00a0 \u00a0 \u00a0 \u00a0 \u00a0 \u00a0 \u00a0 \u00a0 \u00a0 \u00a0 \u00a0 \u00a0 \u00a0 \u00a0 \u00a0 \u00a0 \u00a0 \u00a0 \u00a0 \u00a0 \u00a0 \u00a0 \u00a0 \u00a0 \u00a0 \u00a0 \u00a0 \u00a0 \u00a0 \u00a0 \u00a0Najlep\u0161u \u017eensku narodnu no\u0161nju nosila je Zorica Stojinovi\u0107 iz Duboke , a mu\u0161ku \u00a0Vladimir Miladinovi\u0107 iz Medve\u0111e. U sve\u010danom defileu u\u010destovalo je 15 kulturno-umetni\u010dkih dru\u0161tava, kao i gosti iz Obrovca u Hrvatskoj.<\/p>\n<div id='gallery-4' class='gallery galleryid-4109 gallery-columns-3 gallery-size-thumbnail'><figure class='gallery-item'>\n\t\t\t<div class='gallery-icon landscape'>\n\t\t\t\t<a href='https:\/\/centralmedia.rs\/index.php\/2016\/08\/07\/levacki-sabor-najlepsa-branka-dordevic-najpletenica-milena-lukic-najbrk-zoran-lazarevic\/pobednici-sabora-rekovac-g-j-2\/'><img loading=\"lazy\" decoding=\"async\" width=\"150\" height=\"150\" src=\"https:\/\/centralmedia.rs\/wp-content\/uploads\/2016\/08\/pobednici-sabora-rekovac-g.j.-1-150x150.jpg\" class=\"attachment-thumbnail size-thumbnail\" alt=\"\" aria-describedby=\"gallery-4-4123\" \/><\/a>\n\t\t\t<\/div>\n\t\t\t\t<figcaption class='wp-caption-text gallery-caption' id='gallery-4-4123'>\n\t\t\t\tPobednici sabora \n\t\t\t\t<\/figcaption><\/figure><figure class='gallery-item'>\n\t\t\t<div class='gallery-icon landscape'>\n\t\t\t\t<a href='https:\/\/centralmedia.rs\/index.php\/2016\/08\/07\/levacki-sabor-najlepsa-branka-dordevic-najpletenica-milena-lukic-najbrk-zoran-lazarevic\/lejkashi-iz-vukmanovca-sviraju-u-tikvu-rekovac-g-j\/'><img loading=\"lazy\" decoding=\"async\" width=\"150\" height=\"150\" src=\"https:\/\/centralmedia.rs\/wp-content\/uploads\/2016\/08\/lejkashi-iz-vukmanovca-sviraju-u-tikvu-rekovac-g.j-150x150.jpg\" class=\"attachment-thumbnail size-thumbnail\" alt=\"\" aria-describedby=\"gallery-4-4122\" \/><\/a>\n\t\t\t<\/div>\n\t\t\t\t<figcaption class='wp-caption-text gallery-caption' id='gallery-4-4122'>\n\t\t\t\tLejka\u0161i iz Vukmanovca\n\t\t\t\t<\/figcaption><\/figure><figure class='gallery-item'>\n\t\t\t<div class='gallery-icon landscape'>\n\t\t\t\t<a href='https:\/\/centralmedia.rs\/index.php\/2016\/08\/07\/levacki-sabor-najlepsa-branka-dordevic-najpletenica-milena-lukic-najbrk-zoran-lazarevic\/sabor-levac-g-j\/'><img loading=\"lazy\" decoding=\"async\" width=\"150\" height=\"150\" src=\"https:\/\/centralmedia.rs\/wp-content\/uploads\/2016\/08\/sabor-levac-g.j.-150x150.jpg\" class=\"attachment-thumbnail size-thumbnail\" alt=\"\" aria-describedby=\"gallery-4-4121\" \/><\/a>\n\t\t\t<\/div>\n\t\t\t\t<figcaption class='wp-caption-text gallery-caption' id='gallery-4-4121'>\n\t\t\t\tSabor u manastiru Kaleni\u0107\n\t\t\t\t<\/figcaption><\/figure>\n\t\t<\/div>\n\n<p>-Verujem da smo ispunili o\u010dekivanja svih sabora\u0161a i Lev\u010dana, iako je Rekovac prvi put sam pokrovitelj sabora. Nismo imali podr\u0161ku \u00a0ministarstava, ali vide\u0107emo kako \u0107e na\u0161 bud\u017eet to izdr\u017eati. Na\u0161 plan je da za jubilarni 50. Sabor izgradimo Sabori\u0161te , imamo projekat, investicija je vredna 17 miliona dinara, isti\u010de predsednik op\u0161tine Aleksandra \u0110or\u0111evi\u0107.\u00a0\u00a0 \u00a0 \u00a0 \u00a0 \u00a0 \u00a0 \u00a0 \u00a0 \u00a0 \u00a0 \u00a0Umetni\u010dki direktor sabora Tihomir Arsi\u0107 kriti\u010dki se osvrnuo na odluku ministra Ivana Tasovca da ne dodeli sredstva za odr\u017eavanje sabora. \u00a0 \u00a0 \u00a0 \u00a0 \u00a0 \u00a0 \u00a0 \u00a0 \u00a0 \u00a0 \u00a0 \u00a0 \u00a0 \u00a0 \u00a0 \u00a0 \u00a0 \u00a0 \u00a0 \u00a0 \u00a0 \u00a0 \u00a0 \u00a0 \u00a0 \u00a0 \u00a0 \u00a0 \u00a0 \u00a0 \u00a0 \u00a0 \u00a0 \u00a0-\u010covek koji je vrhunski dirigent \u00a0ka\u017ee koliko tih sabora ima po Srbiji pa ne mo\u017eemo svima da damo pare. Ali ne mo\u017ee za manifestaciju koja u nevremenima postoji pet decenija, tako ne\u0161to da se ka\u017ee, bez obzora\u00a0 \u0161to je vrhunski maestro. Bojim se da on nije do\u0161ao ovde i nije pogledao ovo. Obi\u0161ao sam Srbiju uzdu\u017e i popreko, imam kompletnu sliku i mogu komparativno da gledam. Ovaj narod je \u010distiji, bistriji, ovde se \u010duva autenti\u010dni srpski gen. Nema sankcija, bombardovanja i izbora koji mogu da dovedu u pitanje \u010dinjenicu da se u Srbiji stvaraju najlep\u0161a i najpametnija deca. \u0160ta ih u me\u0111uvremenu pokvari i odvede iz zemlje, nemam odgovor, uglavnom nama deca odlaze, konstatovao je Arsi\u0107. \u00a0 \u00a0 \u00a0 \u00a0 \u00a0 \u00a0 \u00a0 \u00a0 \u00a0 \u00a0 \u00a0 \u00a0 \u00a0 \u00a0 \u00a0 \u00a0 \u00a0 \u00a0 \u00a0 \u00a0 \u00a0 \u00a0U\u00a0toku sabora organizovane su manifestacije Zlatne ruke Lev\u010da-priprema i degustacija starih jela, izlo\u017eba doma\u0107e radinosti i starih zanata, takmi\u010denje zdravi\u010dara i progla\u0161enje pobednika u izboru najlep\u0161eg dvori\u0161ta \u0160umadije i Pomoravlja. Predhodne ve\u010deri nastupili su Bilja Krsti\u0107\u00a0 i \u201cBistrik\u201d, kao i grupa Una Saga Serbica. Dramski umetnik \u00a0i umetni\u010dki direktor sabora Tihomir Arsi\u0107 recitovao je stihove \u0110ure Jak\u0161i\u0107a, Desanke Maksimovi\u0107, kazivao je monolog iz predstave \u201cSolunci govore\u201d i besede Vladike Nikolaja Velimirovi\u0107a. Sabor je utemeljio u\u010ditelj toga kraja Brativoje Markovi\u0107 iz Belu\u0161i\u0107a kod Rekovca, gde je sabor odr\u017eavan prvih pet godina, a na \u010diji je predlog preseljen u portu manastira Kaleni\u0107.<\/p>\n<p>&nbsp;<\/p>\n<p><strong><em>Pozitivni primeri Razglednica iz Rekovca \u2013 Projekat se realizuje uz pomo\u0107 sredstava iz bud\u017eeta Op\u0161tine Rekovac.<\/em><\/strong><\/p>\n<p>&nbsp;<\/p>\n","protected":false},"excerpt":{"rendered":"<p>REKOVAC- Najlep\u0161a saborica 47. Sabora\u00a0 ,,Pro\u0111oh Leva\u010d, pro\u0111oh \u0160umadiju, odr\u017eanog danas u porti \u00a0manastira Kaleni\u0107 kod Rekovca, je \u00a0Branka \u0110or\u0111evi\u0107 iz Velike Lomnice, najdu\u017eu pletenicu &hellip; <\/p>\n","protected":false},"author":4,"featured_media":4110,"comment_status":"open","ping_status":"open","sticky":false,"template":"","format":"standard","meta":{"footnotes":""},"categories":[1524,2,15,887,1519,12],"tags":[],"_links":{"self":[{"href":"https:\/\/centralmedia.rs\/index.php\/wp-json\/wp\/v2\/posts\/4109"}],"collection":[{"href":"https:\/\/centralmedia.rs\/index.php\/wp-json\/wp\/v2\/posts"}],"about":[{"href":"https:\/\/centralmedia.rs\/index.php\/wp-json\/wp\/v2\/types\/post"}],"author":[{"embeddable":true,"href":"https:\/\/centralmedia.rs\/index.php\/wp-json\/wp\/v2\/users\/4"}],"replies":[{"embeddable":true,"href":"https:\/\/centralmedia.rs\/index.php\/wp-json\/wp\/v2\/comments?post=4109"}],"version-history":[{"count":0,"href":"https:\/\/centralmedia.rs\/index.php\/wp-json\/wp\/v2\/posts\/4109\/revisions"}],"wp:featuredmedia":[{"embeddable":true,"href":"https:\/\/centralmedia.rs\/index.php\/wp-json\/wp\/v2\/media\/4110"}],"wp:attachment":[{"href":"https:\/\/centralmedia.rs\/index.php\/wp-json\/wp\/v2\/media?parent=4109"}],"wp:term":[{"taxonomy":"category","embeddable":true,"href":"https:\/\/centralmedia.rs\/index.php\/wp-json\/wp\/v2\/categories?post=4109"},{"taxonomy":"post_tag","embeddable":true,"href":"https:\/\/centralmedia.rs\/index.php\/wp-json\/wp\/v2\/tags?post=4109"}],"curies":[{"name":"wp","href":"https:\/\/api.w.org\/{rel}","templated":true}]}}