{"id":41100,"date":"2024-12-15T02:54:35","date_gmt":"2024-12-15T01:54:35","guid":{"rendered":"https:\/\/centralmedia.rs\/?p=41100"},"modified":"2025-01-15T03:58:23","modified_gmt":"2025-01-15T02:58:23","slug":"nagrada-poslovni-lider-dr-zoranu-rasicu-2","status":"publish","type":"post","link":"https:\/\/centralmedia.rs\/index.php\/2024\/12\/15\/nagrada-poslovni-lider-dr-zoranu-rasicu-2\/","title":{"rendered":"NAGRADA ,,POSLOVNI LIDER\u201d DR ZORANU RA\u0160I\u0106U"},"content":{"rendered":"\n<p>Povodom obele\u017eavanja Dana Regionalne privredne komore \u0160umadijskog i Pomoravskog okruga, nagrada za regionalnog poslovnog lidera dodeljena je direktoru Veterinarskog specijalisti\u010dkog instituta \u201eJagodina\u201c, dr Zoranu Ra\u0161i\u0107u.<\/p>\n\n\n\n<p>-Na \u010delu sam&nbsp; Instituta 26 godina, predug period. To je javna slu\u017eba, poslujemo tr\u017ei\u0161no, prihodujemo od na\u0161ih usluga. Ne dobijamo novac iz bud\u017eeta. Veterinarski institut posluje uspe\u0161no, imamo pozitivne rezultate i ispunjavamo funkciju za koju je osnovan 1952. godine. Zadu\u017eeni smo teritoriju \u0160umadije i Pomoravlja. Veoma te\u0161ko je ostvarivati pozitivne rezultate na doma\u0107em i ma\u0111unarodnom tr\u017ei\u0161tu, ali uz dobar menad\u017ement i stalno usavr\u0161avanje mogu\u0107e je ostvariti dobre rezultet. \u010cast je da veterinarska profesija dobije privrednu nagradu. Nagrade prijaju, ja se zbog toga ne gordim, ali ima mnogo uspe\u0161nih privrednika na na\u0161oj teriotorji, pre svega privatnika, a mi smo me\u0111u njima i nosimo nagradu poslovnog lidera.&nbsp; \u010clan sam Parlamenta privednika i vreme provendo sa njima je bilo dragoceno jer sam usvojio njihov na\u010din rezonovanja, tako da sam dao doprinos radu Instituta i rukovo\u0111enju. Nagrade su motiv mla\u0111ima ljudima da sa \u0161to vi\u0161e energije i enztuzijazma daju svoj doprinos i da njihov rad bude prepoznat. Rad je Institutu je zahtevan, u na\u0161im okruzima je razvijena sto\u010darska prozivodnja oko 30.000 krava 120.000 ovaca, 100.000 svinja i vi\u0161e miliona \u017eivine. Imako oko 40 akreditovanih metoda, sertifikovani po standardu ISO 9001. Imamo troje doktora, dvojicu specijalista, jednog magistra, troje kolega su na doktorskim studijama. Za budu\u0107nost Insititua nisam zabrinut jer imamo persketivne kadrove, rekao je dr Ra\u0161i\u0107.&nbsp;&nbsp;&nbsp;&nbsp;<\/p>\n\n\n\n<p>Nagrada za poseban doprinos razvoju privrede regiona dodeljena Srpskoj fabrici stakla d.o.o. Para\u0107in<\/p>\n","protected":false},"excerpt":{"rendered":"<p>Povodom obele\u017eavanja Dana Regionalne privredne komore \u0160umadijskog i Pomoravskog okruga, nagrada za regionalnog poslovnog lidera dodeljena je direktoru Veterinarskog specijalisti\u010dkog instituta \u201eJagodina\u201c, dr Zoranu Ra\u0161i\u0107u. &hellip; <\/p>\n","protected":false},"author":2,"featured_media":41101,"comment_status":"closed","ping_status":"open","sticky":false,"template":"","format":"standard","meta":{"footnotes":""},"categories":[22,1524,2,5643,1514,887,12],"tags":[6847,799,6848,6786],"_links":{"self":[{"href":"https:\/\/centralmedia.rs\/index.php\/wp-json\/wp\/v2\/posts\/41100"}],"collection":[{"href":"https:\/\/centralmedia.rs\/index.php\/wp-json\/wp\/v2\/posts"}],"about":[{"href":"https:\/\/centralmedia.rs\/index.php\/wp-json\/wp\/v2\/types\/post"}],"author":[{"embeddable":true,"href":"https:\/\/centralmedia.rs\/index.php\/wp-json\/wp\/v2\/users\/2"}],"replies":[{"embeddable":true,"href":"https:\/\/centralmedia.rs\/index.php\/wp-json\/wp\/v2\/comments?post=41100"}],"version-history":[{"count":1,"href":"https:\/\/centralmedia.rs\/index.php\/wp-json\/wp\/v2\/posts\/41100\/revisions"}],"predecessor-version":[{"id":41102,"href":"https:\/\/centralmedia.rs\/index.php\/wp-json\/wp\/v2\/posts\/41100\/revisions\/41102"}],"wp:featuredmedia":[{"embeddable":true,"href":"https:\/\/centralmedia.rs\/index.php\/wp-json\/wp\/v2\/media\/41101"}],"wp:attachment":[{"href":"https:\/\/centralmedia.rs\/index.php\/wp-json\/wp\/v2\/media?parent=41100"}],"wp:term":[{"taxonomy":"category","embeddable":true,"href":"https:\/\/centralmedia.rs\/index.php\/wp-json\/wp\/v2\/categories?post=41100"},{"taxonomy":"post_tag","embeddable":true,"href":"https:\/\/centralmedia.rs\/index.php\/wp-json\/wp\/v2\/tags?post=41100"}],"curies":[{"name":"wp","href":"https:\/\/api.w.org\/{rel}","templated":true}]}}