{"id":41177,"date":"2025-01-18T16:37:03","date_gmt":"2025-01-18T15:37:03","guid":{"rendered":"https:\/\/centralmedia.rs\/?p=41177"},"modified":"2025-01-19T16:37:15","modified_gmt":"2025-01-19T15:37:15","slug":"protesti-u-jagodini-cupriji-i-paracinu-obustava-nastave-u-tesli","status":"publish","type":"post","link":"https:\/\/centralmedia.rs\/index.php\/2025\/01\/18\/protesti-u-jagodini-cupriji-i-paracinu-obustava-nastave-u-tesli\/","title":{"rendered":"PROTESTI U JAGODINI, \u0106UPRIJI I PARA\u0106INU, OBUSTAVA NASTAVE U TESLI"},"content":{"rendered":"\n<p>Protestni skupovi odr\u017eani su u petak &nbsp;Jagodini i \u0106upriji. U 11.52 blokirane su glavne ulice u tim gradovima na 15 minuta prilikom odavanja po\u0161te poginulima u Novom Sadu. Policija je zaustavila saobra\u0107aj u tom periodu.<\/p>\n\n\n\n<figure class=\"wp-block-gallery has-nested-images columns-default is-cropped wp-block-gallery-1 is-layout-flex wp-block-gallery-is-layout-flex\">\n<figure class=\"wp-block-image size-large\"><img loading=\"lazy\" decoding=\"async\" width=\"1024\" height=\"1024\" data-id=\"41181\" src=\"https:\/\/centralmedia.rs\/wp-content\/uploads\/2025\/01\/protesti-1-1024x1024.jpg\" alt=\"\" class=\"wp-image-41181\" srcset=\"https:\/\/centralmedia.rs\/wp-content\/uploads\/2025\/01\/protesti-1-1024x1024.jpg 1024w, https:\/\/centralmedia.rs\/wp-content\/uploads\/2025\/01\/protesti-1-300x300.jpg 300w, https:\/\/centralmedia.rs\/wp-content\/uploads\/2025\/01\/protesti-1-150x150.jpg 150w, https:\/\/centralmedia.rs\/wp-content\/uploads\/2025\/01\/protesti-1-768x769.jpg 768w, https:\/\/centralmedia.rs\/wp-content\/uploads\/2025\/01\/protesti-1.jpg 1438w\" sizes=\"(max-width: 1024px) 100vw, 1024px\" \/><\/figure>\n\n\n\n<figure class=\"wp-block-image size-large\"><img loading=\"lazy\" decoding=\"async\" width=\"1024\" height=\"1024\" data-id=\"41182\" src=\"https:\/\/centralmedia.rs\/wp-content\/uploads\/2025\/01\/protesti1-1024x1024.jpg\" alt=\"\" class=\"wp-image-41182\" srcset=\"https:\/\/centralmedia.rs\/wp-content\/uploads\/2025\/01\/protesti1-1024x1024.jpg 1024w, https:\/\/centralmedia.rs\/wp-content\/uploads\/2025\/01\/protesti1-300x300.jpg 300w, https:\/\/centralmedia.rs\/wp-content\/uploads\/2025\/01\/protesti1-150x150.jpg 150w, https:\/\/centralmedia.rs\/wp-content\/uploads\/2025\/01\/protesti1-768x768.jpg 768w, https:\/\/centralmedia.rs\/wp-content\/uploads\/2025\/01\/protesti1.jpg 1440w\" sizes=\"(max-width: 1024px) 100vw, 1024px\" \/><\/figure>\n<\/figure>\n\n\n\n<figure class=\"wp-block-gallery has-nested-images columns-default is-cropped wp-block-gallery-2 is-layout-flex wp-block-gallery-is-layout-flex\">\n<figure class=\"wp-block-image size-large\"><img loading=\"lazy\" decoding=\"async\" width=\"1024\" height=\"1024\" data-id=\"41180\" src=\"https:\/\/centralmedia.rs\/wp-content\/uploads\/2025\/01\/tesla-1024x1024.jpg\" alt=\"\" class=\"wp-image-41180\" srcset=\"https:\/\/centralmedia.rs\/wp-content\/uploads\/2025\/01\/tesla-1024x1024.jpg 1024w, https:\/\/centralmedia.rs\/wp-content\/uploads\/2025\/01\/tesla-300x300.jpg 300w, https:\/\/centralmedia.rs\/wp-content\/uploads\/2025\/01\/tesla-150x150.jpg 150w, https:\/\/centralmedia.rs\/wp-content\/uploads\/2025\/01\/tesla-768x768.jpg 768w, https:\/\/centralmedia.rs\/wp-content\/uploads\/2025\/01\/tesla.jpg 1440w\" sizes=\"(max-width: 1024px) 100vw, 1024px\" \/><\/figure>\n<\/figure>\n\n\n\n<p>SAMO EG\u0160 NIKOLA TESLA OBUSTAVLJA RAD<\/p>\n\n\n\n<p>Od 52 srednje i osnovne \u0161kole u Pomoravlju samo EG\u0160 Nikola Tesla u ponedeljak kompletno obustavlja rad, dok u jagodinskoj Gimnaziji pola nastavnika obustavlja rad a pola radi normalno, zvoni\u0107e na 45 minuta, potvr\u0111eno je u Ministarstvu prosvete. U O\u0160 Rada Miljkovi\u0107 nema obustave, polovina nastavnika &nbsp;je zakonskom \u0161trajku, \u010dasovi traju 30 minuta, a druga polovina radi\u0107e normalno. Direktorka O\u0160 \u0110ura Jak\u0161i\u0107 u \u0106upriji potvrdila je da rade normalno, ka\u017eu u \u0160kolskoj upravi, a posle objavljivanja ove informacije ona je to demantovala, ali nije objasnila \u0161ta \u0107e se raditi u ponedeljak u toj \u0161koli.<\/p>\n\n\n\n<figure class=\"wp-block-gallery has-nested-images columns-default is-cropped wp-block-gallery-3 is-layout-flex wp-block-gallery-is-layout-flex\">\n<figure class=\"wp-block-image size-large\"><img loading=\"lazy\" decoding=\"async\" width=\"1024\" height=\"1024\" data-id=\"41183\" src=\"https:\/\/centralmedia.rs\/wp-content\/uploads\/2025\/01\/protesti-cuprija-1024x1024.jpg\" alt=\"\" class=\"wp-image-41183\" srcset=\"https:\/\/centralmedia.rs\/wp-content\/uploads\/2025\/01\/protesti-cuprija-1024x1024.jpg 1024w, https:\/\/centralmedia.rs\/wp-content\/uploads\/2025\/01\/protesti-cuprija-300x300.jpg 300w, https:\/\/centralmedia.rs\/wp-content\/uploads\/2025\/01\/protesti-cuprija-150x150.jpg 150w, https:\/\/centralmedia.rs\/wp-content\/uploads\/2025\/01\/protesti-cuprija-768x768.jpg 768w, https:\/\/centralmedia.rs\/wp-content\/uploads\/2025\/01\/protesti-cuprija.jpg 1440w\" sizes=\"(max-width: 1024px) 100vw, 1024px\" \/><\/figure>\n\n\n\n<figure class=\"wp-block-image size-large\"><img loading=\"lazy\" decoding=\"async\" width=\"1024\" height=\"1024\" data-id=\"41185\" src=\"https:\/\/centralmedia.rs\/wp-content\/uploads\/2025\/01\/protesti-cuprija1-1024x1024.jpg\" alt=\"\" class=\"wp-image-41185\" srcset=\"https:\/\/centralmedia.rs\/wp-content\/uploads\/2025\/01\/protesti-cuprija1-1024x1024.jpg 1024w, https:\/\/centralmedia.rs\/wp-content\/uploads\/2025\/01\/protesti-cuprija1-300x300.jpg 300w, https:\/\/centralmedia.rs\/wp-content\/uploads\/2025\/01\/protesti-cuprija1-150x150.jpg 150w, https:\/\/centralmedia.rs\/wp-content\/uploads\/2025\/01\/protesti-cuprija1-768x768.jpg 768w, https:\/\/centralmedia.rs\/wp-content\/uploads\/2025\/01\/protesti-cuprija1.jpg 1440w\" sizes=\"(max-width: 1024px) 100vw, 1024px\" \/><\/figure>\n\n\n\n<figure class=\"wp-block-image size-large\"><img loading=\"lazy\" decoding=\"async\" width=\"1024\" height=\"1024\" data-id=\"41184\" src=\"https:\/\/centralmedia.rs\/wp-content\/uploads\/2025\/01\/protesti-cuprija2-1024x1024.jpg\" alt=\"\" class=\"wp-image-41184\" srcset=\"https:\/\/centralmedia.rs\/wp-content\/uploads\/2025\/01\/protesti-cuprija2-1024x1024.jpg 1024w, https:\/\/centralmedia.rs\/wp-content\/uploads\/2025\/01\/protesti-cuprija2-300x300.jpg 300w, https:\/\/centralmedia.rs\/wp-content\/uploads\/2025\/01\/protesti-cuprija2-150x150.jpg 150w, https:\/\/centralmedia.rs\/wp-content\/uploads\/2025\/01\/protesti-cuprija2-768x768.jpg 768w, https:\/\/centralmedia.rs\/wp-content\/uploads\/2025\/01\/protesti-cuprija2.jpg 1440w\" sizes=\"(max-width: 1024px) 100vw, 1024px\" \/><\/figure>\n<\/figure>\n\n\n\n<p>U \u0106UPRIJI I PARA\u0106INU PROTESTNI SKUPOVI<\/p>\n\n\n\n<p>U \u0106upriji i Para\u0107inu u suboru su odr\u017eani protestni skupovi, petnaestomitnutnom ti\u0161inom odata je po\u0161ta poginulima u Novom Sadu i data je podr\u0161ka studentima. U \u0106upriji su se okupljenima obratili maturanti, a zatim je odr\u017eana protestna \u0161etnja. U protest su u\u010destvovali predstavnici opozcije iz Jagodine i Para\u0107ina. Policija je zaustavila saobra\u0107aj za vreme protesta.<\/p>\n","protected":false},"excerpt":{"rendered":"<p>Protestni skupovi odr\u017eani su u petak &nbsp;Jagodini i \u0106upriji. U 11.52 blokirane su glavne ulice u tim gradovima na 15 minuta prilikom odavanja po\u0161te poginulima &hellip; <\/p>\n","protected":false},"author":2,"featured_media":41179,"comment_status":"closed","ping_status":"open","sticky":false,"template":"","format":"standard","meta":{"footnotes":""},"categories":[1515,1524,2,1514,1516,13,12],"tags":[44,58,156,1922],"_links":{"self":[{"href":"https:\/\/centralmedia.rs\/index.php\/wp-json\/wp\/v2\/posts\/41177"}],"collection":[{"href":"https:\/\/centralmedia.rs\/index.php\/wp-json\/wp\/v2\/posts"}],"about":[{"href":"https:\/\/centralmedia.rs\/index.php\/wp-json\/wp\/v2\/types\/post"}],"author":[{"embeddable":true,"href":"https:\/\/centralmedia.rs\/index.php\/wp-json\/wp\/v2\/users\/2"}],"replies":[{"embeddable":true,"href":"https:\/\/centralmedia.rs\/index.php\/wp-json\/wp\/v2\/comments?post=41177"}],"version-history":[{"count":1,"href":"https:\/\/centralmedia.rs\/index.php\/wp-json\/wp\/v2\/posts\/41177\/revisions"}],"predecessor-version":[{"id":41186,"href":"https:\/\/centralmedia.rs\/index.php\/wp-json\/wp\/v2\/posts\/41177\/revisions\/41186"}],"wp:featuredmedia":[{"embeddable":true,"href":"https:\/\/centralmedia.rs\/index.php\/wp-json\/wp\/v2\/media\/41179"}],"wp:attachment":[{"href":"https:\/\/centralmedia.rs\/index.php\/wp-json\/wp\/v2\/media?parent=41177"}],"wp:term":[{"taxonomy":"category","embeddable":true,"href":"https:\/\/centralmedia.rs\/index.php\/wp-json\/wp\/v2\/categories?post=41177"},{"taxonomy":"post_tag","embeddable":true,"href":"https:\/\/centralmedia.rs\/index.php\/wp-json\/wp\/v2\/tags?post=41177"}],"curies":[{"name":"wp","href":"https:\/\/api.w.org\/{rel}","templated":true}]}}