{"id":41236,"date":"2025-01-22T08:34:04","date_gmt":"2025-01-22T07:34:04","guid":{"rendered":"https:\/\/centralmedia.rs\/?p=41236"},"modified":"2025-01-22T08:34:04","modified_gmt":"2025-01-22T07:34:04","slug":"potpredsednik-jedinstvene-srbije-dalibor-markovic-na-prijemu-u-ambasadi-kine-u-beogradu","status":"publish","type":"post","link":"https:\/\/centralmedia.rs\/index.php\/2025\/01\/22\/potpredsednik-jedinstvene-srbije-dalibor-markovic-na-prijemu-u-ambasadi-kine-u-beogradu\/","title":{"rendered":"POTPREDSEDNIK JEDINSTVENE SRBIJE DALIBOR MARKOVI\u0106 NA PRIJEMU U AMBASADI KINE U BEOGRADU"},"content":{"rendered":"\n<p>U ambasadi Narodne Republike Kine u Beogradu odr\u017ean je Novogodi\u0161nji prijem pod nazivom &#8220;Plod vremena &#8211; 70 godina prijateljstva naroda Kine i Srbije.<\/p>\n\n\n\n<figure class=\"wp-block-gallery has-nested-images columns-default is-cropped wp-block-gallery-1 is-layout-flex wp-block-gallery-is-layout-flex\">\n<figure class=\"wp-block-image size-large\"><img loading=\"lazy\" decoding=\"async\" width=\"1024\" height=\"1024\" data-id=\"41238\" src=\"https:\/\/centralmedia.rs\/wp-content\/uploads\/2025\/01\/dalibor-1024x1024.jpg\" alt=\"\" class=\"wp-image-41238\" srcset=\"https:\/\/centralmedia.rs\/wp-content\/uploads\/2025\/01\/dalibor-1024x1024.jpg 1024w, https:\/\/centralmedia.rs\/wp-content\/uploads\/2025\/01\/dalibor-300x300.jpg 300w, https:\/\/centralmedia.rs\/wp-content\/uploads\/2025\/01\/dalibor-150x150.jpg 150w, https:\/\/centralmedia.rs\/wp-content\/uploads\/2025\/01\/dalibor-768x768.jpg 768w, https:\/\/centralmedia.rs\/wp-content\/uploads\/2025\/01\/dalibor.jpg 1440w\" sizes=\"(max-width: 1024px) 100vw, 1024px\" \/><\/figure>\n\n\n\n<figure class=\"wp-block-image size-large\"><img loading=\"lazy\" decoding=\"async\" width=\"1024\" height=\"1024\" data-id=\"41239\" src=\"https:\/\/centralmedia.rs\/wp-content\/uploads\/2025\/01\/dalibor1-1024x1024.jpg\" alt=\"\" class=\"wp-image-41239\" srcset=\"https:\/\/centralmedia.rs\/wp-content\/uploads\/2025\/01\/dalibor1-1024x1024.jpg 1024w, https:\/\/centralmedia.rs\/wp-content\/uploads\/2025\/01\/dalibor1-300x300.jpg 300w, https:\/\/centralmedia.rs\/wp-content\/uploads\/2025\/01\/dalibor1-150x150.jpg 150w, https:\/\/centralmedia.rs\/wp-content\/uploads\/2025\/01\/dalibor1-768x768.jpg 768w, https:\/\/centralmedia.rs\/wp-content\/uploads\/2025\/01\/dalibor1.jpg 1440w\" sizes=\"(max-width: 1024px) 100vw, 1024px\" \/><\/figure>\n<\/figure>\n\n\n\n<p> Prijem je organizovao Njegova ekselencija ambasador Kine u Srbiji Li Ming. Prijemu je, na poziv ambasadora Kine prisustvovao i potpredsednik Jedinstvene Srbije Dalibor Markovi\u0107, kao i veliki broj uglednih li\u010dnosti iz politi\u010dkog i uop\u0161te javnog \u017eivota Srbije, me\u0111u kojima i ministar spoljnih poslova Srbije Marko \u0106uri\u0107, sin Ivice Dacica Luka Da\u010di\u0107, dr\u017eavni sekretar u ministarstvu zdravlja Edin \u0110erlek i mnogi drugi. Prijateljstvo naroda Kine i Srbije je \u010delicno i na najvi\u0161em nivou u istoriji, zahvaljuju\u0107i odli\u010dnim odnosima predsednika Srbije i Kine, Aleksandra Vuci\u0107a i Si \u0110ipinga.<\/p>\n","protected":false},"excerpt":{"rendered":"<p>U ambasadi Narodne Republike Kine u Beogradu odr\u017ean je Novogodi\u0161nji prijem pod nazivom &#8220;Plod vremena &#8211; 70 godina prijateljstva naroda Kine i Srbije. Prijem je &hellip; <\/p>\n","protected":false},"author":2,"featured_media":41237,"comment_status":"closed","ping_status":"open","sticky":false,"template":"","format":"standard","meta":{"footnotes":""},"categories":[1524,2,1514,13,12],"tags":[6794,702,119],"_links":{"self":[{"href":"https:\/\/centralmedia.rs\/index.php\/wp-json\/wp\/v2\/posts\/41236"}],"collection":[{"href":"https:\/\/centralmedia.rs\/index.php\/wp-json\/wp\/v2\/posts"}],"about":[{"href":"https:\/\/centralmedia.rs\/index.php\/wp-json\/wp\/v2\/types\/post"}],"author":[{"embeddable":true,"href":"https:\/\/centralmedia.rs\/index.php\/wp-json\/wp\/v2\/users\/2"}],"replies":[{"embeddable":true,"href":"https:\/\/centralmedia.rs\/index.php\/wp-json\/wp\/v2\/comments?post=41236"}],"version-history":[{"count":1,"href":"https:\/\/centralmedia.rs\/index.php\/wp-json\/wp\/v2\/posts\/41236\/revisions"}],"predecessor-version":[{"id":41240,"href":"https:\/\/centralmedia.rs\/index.php\/wp-json\/wp\/v2\/posts\/41236\/revisions\/41240"}],"wp:featuredmedia":[{"embeddable":true,"href":"https:\/\/centralmedia.rs\/index.php\/wp-json\/wp\/v2\/media\/41237"}],"wp:attachment":[{"href":"https:\/\/centralmedia.rs\/index.php\/wp-json\/wp\/v2\/media?parent=41236"}],"wp:term":[{"taxonomy":"category","embeddable":true,"href":"https:\/\/centralmedia.rs\/index.php\/wp-json\/wp\/v2\/categories?post=41236"},{"taxonomy":"post_tag","embeddable":true,"href":"https:\/\/centralmedia.rs\/index.php\/wp-json\/wp\/v2\/tags?post=41236"}],"curies":[{"name":"wp","href":"https:\/\/api.w.org\/{rel}","templated":true}]}}