{"id":41244,"date":"2025-01-23T01:35:41","date_gmt":"2025-01-23T00:35:41","guid":{"rendered":"https:\/\/centralmedia.rs\/?p=41244"},"modified":"2025-02-13T09:27:05","modified_gmt":"2025-02-13T08:27:05","slug":"protesti-opozicije-od-cetvrtka-do-subote","status":"publish","type":"post","link":"https:\/\/centralmedia.rs\/index.php\/2025\/01\/23\/protesti-opozicije-od-cetvrtka-do-subote\/","title":{"rendered":"PROTESTI OPOZICIJE I STUDENATA OD \u010cETVRTKA DO SUBOTE"},"content":{"rendered":"\n<p>Protesti opozicije,biv\u0161e vlasti, u Pomoravlju po\u010dinju u \u010detvrtak u Rekovcu, u petak u \u0106upriji i Svilajncu, a u subotu u Para\u0107inu i centralni protest u \u0106upriji. Pozivaju gra\u0111ane da podr\u017ee studente i prosvetare. Osim u Jagodini, gde studenti FPNJ pozivaju na odavanje po\u0161te stradalima i 15. ti\u0161inu. Jagodinska opozicija delila je plakat studenata sa pozivom na protest pa je do\u0161lo do konfuznih informacija.<\/p>\n\n\n\n<figure class=\"wp-block-image size-large\"><img loading=\"lazy\" decoding=\"async\" width=\"1024\" height=\"429\" src=\"http:\/\/centralmedia.rs\/wp-content\/uploads\/2025\/01\/24-25.01-1024x429.jpg\" alt=\"\" class=\"wp-image-41246\" srcset=\"https:\/\/centralmedia.rs\/wp-content\/uploads\/2025\/01\/24-25.01-1024x429.jpg 1024w, https:\/\/centralmedia.rs\/wp-content\/uploads\/2025\/01\/24-25.01-300x126.jpg 300w, https:\/\/centralmedia.rs\/wp-content\/uploads\/2025\/01\/24-25.01-768x322.jpg 768w, https:\/\/centralmedia.rs\/wp-content\/uploads\/2025\/01\/24-25.01-1536x644.jpg 1536w, https:\/\/centralmedia.rs\/wp-content\/uploads\/2025\/01\/24-25.01.jpg 1880w\" sizes=\"(max-width: 1024px) 100vw, 1024px\" \/><\/figure>\n\n\n\n<figure class=\"wp-block-image size-large\"><img loading=\"lazy\" decoding=\"async\" width=\"576\" height=\"1024\" src=\"http:\/\/centralmedia.rs\/wp-content\/uploads\/2025\/01\/25.01-576x1024.jpg\" alt=\"\" class=\"wp-image-41247\" srcset=\"https:\/\/centralmedia.rs\/wp-content\/uploads\/2025\/01\/25.01-576x1024.jpg 576w, https:\/\/centralmedia.rs\/wp-content\/uploads\/2025\/01\/25.01-169x300.jpg 169w, https:\/\/centralmedia.rs\/wp-content\/uploads\/2025\/01\/25.01-768x1365.jpg 768w, https:\/\/centralmedia.rs\/wp-content\/uploads\/2025\/01\/25.01-864x1536.jpg 864w, https:\/\/centralmedia.rs\/wp-content\/uploads\/2025\/01\/25.01.jpg 900w\" sizes=\"(max-width: 576px) 100vw, 576px\" \/><\/figure>\n\n\n\n<figure class=\"wp-block-image size-large\"><img loading=\"lazy\" decoding=\"async\" width=\"846\" height=\"1024\" src=\"http:\/\/centralmedia.rs\/wp-content\/uploads\/2025\/01\/25.01-1-846x1024.jpg\" alt=\"\" class=\"wp-image-41248\" srcset=\"https:\/\/centralmedia.rs\/wp-content\/uploads\/2025\/01\/25.01-1-846x1024.jpg 846w, https:\/\/centralmedia.rs\/wp-content\/uploads\/2025\/01\/25.01-1-248x300.jpg 248w, https:\/\/centralmedia.rs\/wp-content\/uploads\/2025\/01\/25.01-1-768x930.jpg 768w, https:\/\/centralmedia.rs\/wp-content\/uploads\/2025\/01\/25.01-1-1269x1536.jpg 1269w, https:\/\/centralmedia.rs\/wp-content\/uploads\/2025\/01\/25.01-1.jpg 1692w\" sizes=\"(max-width: 846px) 100vw, 846px\" \/><\/figure>\n\n\n\n<figure class=\"wp-block-image size-full\"><img loading=\"lazy\" decoding=\"async\" width=\"526\" height=\"778\" src=\"https:\/\/centralmedia.rs\/wp-content\/uploads\/2025\/01\/24.01.png\" alt=\"\" class=\"wp-image-41251\" srcset=\"https:\/\/centralmedia.rs\/wp-content\/uploads\/2025\/01\/24.01.png 526w, https:\/\/centralmedia.rs\/wp-content\/uploads\/2025\/01\/24.01-203x300.png 203w\" sizes=\"(max-width: 526px) 100vw, 526px\" \/><\/figure>\n\n\n\n<p>\u00a0<\/p>\n","protected":false},"excerpt":{"rendered":"<p>Protesti opozicije,biv\u0161e vlasti, u Pomoravlju po\u010dinju u \u010detvrtak u Rekovcu, u petak u \u0106upriji i Svilajncu, a u subotu u Para\u0107inu i centralni protest u &hellip; <\/p>\n","protected":false},"author":2,"featured_media":41245,"comment_status":"closed","ping_status":"open","sticky":false,"template":"","format":"standard","meta":{"footnotes":""},"categories":[1515,2,1514,1516,13,12],"tags":[532,1922],"_links":{"self":[{"href":"https:\/\/centralmedia.rs\/index.php\/wp-json\/wp\/v2\/posts\/41244"}],"collection":[{"href":"https:\/\/centralmedia.rs\/index.php\/wp-json\/wp\/v2\/posts"}],"about":[{"href":"https:\/\/centralmedia.rs\/index.php\/wp-json\/wp\/v2\/types\/post"}],"author":[{"embeddable":true,"href":"https:\/\/centralmedia.rs\/index.php\/wp-json\/wp\/v2\/users\/2"}],"replies":[{"embeddable":true,"href":"https:\/\/centralmedia.rs\/index.php\/wp-json\/wp\/v2\/comments?post=41244"}],"version-history":[{"count":3,"href":"https:\/\/centralmedia.rs\/index.php\/wp-json\/wp\/v2\/posts\/41244\/revisions"}],"predecessor-version":[{"id":41270,"href":"https:\/\/centralmedia.rs\/index.php\/wp-json\/wp\/v2\/posts\/41244\/revisions\/41270"}],"wp:featuredmedia":[{"embeddable":true,"href":"https:\/\/centralmedia.rs\/index.php\/wp-json\/wp\/v2\/media\/41245"}],"wp:attachment":[{"href":"https:\/\/centralmedia.rs\/index.php\/wp-json\/wp\/v2\/media?parent=41244"}],"wp:term":[{"taxonomy":"category","embeddable":true,"href":"https:\/\/centralmedia.rs\/index.php\/wp-json\/wp\/v2\/categories?post=41244"},{"taxonomy":"post_tag","embeddable":true,"href":"https:\/\/centralmedia.rs\/index.php\/wp-json\/wp\/v2\/tags?post=41244"}],"curies":[{"name":"wp","href":"https:\/\/api.w.org\/{rel}","templated":true}]}}