{"id":41294,"date":"2025-01-24T23:09:54","date_gmt":"2025-01-24T22:09:54","guid":{"rendered":"https:\/\/centralmedia.rs\/?p=41294"},"modified":"2025-01-26T16:12:22","modified_gmt":"2025-01-26T15:12:22","slug":"saopstenje-js-iz-jagodine-krenuo-pokret-za-narod-i-drzavu","status":"publish","type":"post","link":"https:\/\/centralmedia.rs\/index.php\/2025\/01\/24\/saopstenje-js-iz-jagodine-krenuo-pokret-za-narod-i-drzavu\/","title":{"rendered":"Saop\u0161tenje JS : IZ JAGODINE KRENUO POKRET ZA NAROD I DR\u017dAVU"},"content":{"rendered":"\n<p>Preko 100.000 ljudi prisustvovalo je velikom skupu u centru Jagodine, a koji je ozna\u010dio po\u010detak formiranja Pokreta za narod i dr\u017eavu. Skupu je prisustvovao predsednik Srbije Aleksandar Vu\u010di\u0107, ministri u Vladi Srbije, rukovodstvo SPS-a na \u010delu sa Ivicom Da\u010di\u0107em koji je do\u0161ao sa sinom Lukom, rukovodstvo Jedinstvene Srbije na \u010delu sa Daliborom Markovi\u0107em, koji je do\u0161ao sa celom svojom porodicom, ugledne li\u010dnosti iz politike, privrede, zdravstva, prosvete, kulture, sporta, nauke&#8230; <\/p>\n\n\n\n<figure class=\"wp-block-gallery has-nested-images columns-default is-cropped wp-block-gallery-1 is-layout-flex wp-block-gallery-is-layout-flex\">\n<figure class=\"wp-block-image size-large\"><img loading=\"lazy\" decoding=\"async\" width=\"1024\" height=\"768\" data-id=\"41299\" src=\"https:\/\/centralmedia.rs\/wp-content\/uploads\/2025\/01\/js1-1024x768.jpg\" alt=\"\" class=\"wp-image-41299\" srcset=\"https:\/\/centralmedia.rs\/wp-content\/uploads\/2025\/01\/js1-1024x768.jpg 1024w, https:\/\/centralmedia.rs\/wp-content\/uploads\/2025\/01\/js1-300x225.jpg 300w, https:\/\/centralmedia.rs\/wp-content\/uploads\/2025\/01\/js1-768x576.jpg 768w, https:\/\/centralmedia.rs\/wp-content\/uploads\/2025\/01\/js1.jpg 1440w\" sizes=\"(max-width: 1024px) 100vw, 1024px\" \/><\/figure>\n\n\n\n<figure class=\"wp-block-image size-large\"><img loading=\"lazy\" decoding=\"async\" width=\"1024\" height=\"682\" data-id=\"41298\" src=\"https:\/\/centralmedia.rs\/wp-content\/uploads\/2025\/01\/js2-1024x682.jpg\" alt=\"\" class=\"wp-image-41298\" srcset=\"https:\/\/centralmedia.rs\/wp-content\/uploads\/2025\/01\/js2-1024x682.jpg 1024w, https:\/\/centralmedia.rs\/wp-content\/uploads\/2025\/01\/js2-300x200.jpg 300w, https:\/\/centralmedia.rs\/wp-content\/uploads\/2025\/01\/js2-768x511.jpg 768w, https:\/\/centralmedia.rs\/wp-content\/uploads\/2025\/01\/js2-600x400.jpg 600w, https:\/\/centralmedia.rs\/wp-content\/uploads\/2025\/01\/js2.jpg 1440w\" sizes=\"(max-width: 1024px) 100vw, 1024px\" \/><\/figure>\n\n\n\n<figure class=\"wp-block-image size-large\"><img loading=\"lazy\" decoding=\"async\" width=\"1024\" height=\"683\" data-id=\"41296\" src=\"https:\/\/centralmedia.rs\/wp-content\/uploads\/2025\/01\/js3-1024x683.jpg\" alt=\"\" class=\"wp-image-41296\" srcset=\"https:\/\/centralmedia.rs\/wp-content\/uploads\/2025\/01\/js3-1024x683.jpg 1024w, https:\/\/centralmedia.rs\/wp-content\/uploads\/2025\/01\/js3-300x200.jpg 300w, https:\/\/centralmedia.rs\/wp-content\/uploads\/2025\/01\/js3-768x512.jpg 768w, https:\/\/centralmedia.rs\/wp-content\/uploads\/2025\/01\/js3-600x400.jpg 600w, https:\/\/centralmedia.rs\/wp-content\/uploads\/2025\/01\/js3.jpg 1440w\" sizes=\"(max-width: 1024px) 100vw, 1024px\" \/><\/figure>\n\n\n\n<figure class=\"wp-block-image size-large\"><img loading=\"lazy\" decoding=\"async\" width=\"1024\" height=\"685\" data-id=\"41297\" src=\"https:\/\/centralmedia.rs\/wp-content\/uploads\/2025\/01\/js4-1024x685.jpg\" alt=\"\" class=\"wp-image-41297\" srcset=\"https:\/\/centralmedia.rs\/wp-content\/uploads\/2025\/01\/js4-1024x685.jpg 1024w, https:\/\/centralmedia.rs\/wp-content\/uploads\/2025\/01\/js4-300x201.jpg 300w, https:\/\/centralmedia.rs\/wp-content\/uploads\/2025\/01\/js4-768x514.jpg 768w, https:\/\/centralmedia.rs\/wp-content\/uploads\/2025\/01\/js4-600x400.jpg 600w, https:\/\/centralmedia.rs\/wp-content\/uploads\/2025\/01\/js4.jpg 1440w\" sizes=\"(max-width: 1024px) 100vw, 1024px\" \/><\/figure>\n\n\n\n<figure class=\"wp-block-image size-large\"><img loading=\"lazy\" decoding=\"async\" width=\"1024\" height=\"637\" data-id=\"41300\" src=\"https:\/\/centralmedia.rs\/wp-content\/uploads\/2025\/01\/js5-1024x637.jpg\" alt=\"\" class=\"wp-image-41300\" srcset=\"https:\/\/centralmedia.rs\/wp-content\/uploads\/2025\/01\/js5-1024x637.jpg 1024w, https:\/\/centralmedia.rs\/wp-content\/uploads\/2025\/01\/js5-300x187.jpg 300w, https:\/\/centralmedia.rs\/wp-content\/uploads\/2025\/01\/js5-768x478.jpg 768w, https:\/\/centralmedia.rs\/wp-content\/uploads\/2025\/01\/js5.jpg 1440w\" sizes=\"(max-width: 1024px) 100vw, 1024px\" \/><\/figure>\n\n\n\n<figure class=\"wp-block-image size-large\"><img loading=\"lazy\" decoding=\"async\" width=\"1024\" height=\"768\" data-id=\"41301\" src=\"https:\/\/centralmedia.rs\/wp-content\/uploads\/2025\/01\/js6-1024x768.jpg\" alt=\"\" class=\"wp-image-41301\" srcset=\"https:\/\/centralmedia.rs\/wp-content\/uploads\/2025\/01\/js6-1024x768.jpg 1024w, https:\/\/centralmedia.rs\/wp-content\/uploads\/2025\/01\/js6-300x225.jpg 300w, https:\/\/centralmedia.rs\/wp-content\/uploads\/2025\/01\/js6-768x576.jpg 768w, https:\/\/centralmedia.rs\/wp-content\/uploads\/2025\/01\/js6.jpg 1440w\" sizes=\"(max-width: 1024px) 100vw, 1024px\" \/><\/figure>\n<\/figure>\n\n\n\n<p>&#8220;Ne damo Srbiju. Zna na\u0161 narod kada je vreme da se usprotivi. Ovaj skup pokazuje koliko veliki broj ljudi \u017eeli da brani, \u010duva i \u0161titi svoju Srbiju, jer je napadnuta i spolja i iznutra. Hvala Jagodini, hvala Srbiji ! poru\u010dio je Aleksandar Vu\u010di\u0107. &#8220;Srbija je jaka onoliko koliko je jedinstvena, za \u0161ta je potrebno da se patriotske snage zajedno bore protiv poku\u0161aja ugro\u017eavanja dr\u017eavnih i nacionalnih interesa&#8221;, izjavio je Ivica Da\u010di\u0107. Prisutnima su se obratili i predsednica Nacionalne organizacije za retke bolesti Olivera Jovovi\u0107, endokrinolog svetskog renomea prof. dr \u0110uro Macut i student 3. godine Medicinskog fakulteta u Beogradu sa prosekom 10,0 Milo\u0161 Pavlovi\u0107.<\/p>\n","protected":false},"excerpt":{"rendered":"<p>Preko 100.000 ljudi prisustvovalo je velikom skupu u centru Jagodine, a koji je ozna\u010dio po\u010detak formiranja Pokreta za narod i dr\u017eavu. Skupu je prisustvovao predsednik &hellip; <\/p>\n","protected":false},"author":2,"featured_media":41295,"comment_status":"closed","ping_status":"open","sticky":false,"template":"","format":"standard","meta":{"footnotes":""},"categories":[1524,2,1514,13,12],"tags":[58,702,6868,136],"_links":{"self":[{"href":"https:\/\/centralmedia.rs\/index.php\/wp-json\/wp\/v2\/posts\/41294"}],"collection":[{"href":"https:\/\/centralmedia.rs\/index.php\/wp-json\/wp\/v2\/posts"}],"about":[{"href":"https:\/\/centralmedia.rs\/index.php\/wp-json\/wp\/v2\/types\/post"}],"author":[{"embeddable":true,"href":"https:\/\/centralmedia.rs\/index.php\/wp-json\/wp\/v2\/users\/2"}],"replies":[{"embeddable":true,"href":"https:\/\/centralmedia.rs\/index.php\/wp-json\/wp\/v2\/comments?post=41294"}],"version-history":[{"count":1,"href":"https:\/\/centralmedia.rs\/index.php\/wp-json\/wp\/v2\/posts\/41294\/revisions"}],"predecessor-version":[{"id":41302,"href":"https:\/\/centralmedia.rs\/index.php\/wp-json\/wp\/v2\/posts\/41294\/revisions\/41302"}],"wp:featuredmedia":[{"embeddable":true,"href":"https:\/\/centralmedia.rs\/index.php\/wp-json\/wp\/v2\/media\/41295"}],"wp:attachment":[{"href":"https:\/\/centralmedia.rs\/index.php\/wp-json\/wp\/v2\/media?parent=41294"}],"wp:term":[{"taxonomy":"category","embeddable":true,"href":"https:\/\/centralmedia.rs\/index.php\/wp-json\/wp\/v2\/categories?post=41294"},{"taxonomy":"post_tag","embeddable":true,"href":"https:\/\/centralmedia.rs\/index.php\/wp-json\/wp\/v2\/tags?post=41294"}],"curies":[{"name":"wp","href":"https:\/\/api.w.org\/{rel}","templated":true}]}}