{"id":41304,"date":"2025-01-25T18:16:25","date_gmt":"2025-01-25T17:16:25","guid":{"rendered":"https:\/\/centralmedia.rs\/?p=41304"},"modified":"2025-01-26T16:24:12","modified_gmt":"2025-01-26T15:24:12","slug":"najveci-protest-u-cupriji","status":"publish","type":"post","link":"https:\/\/centralmedia.rs\/index.php\/2025\/01\/25\/najveci-protest-u-cupriji\/","title":{"rendered":"NAJVE\u0106I PROTEST U \u0106UPRIJI"},"content":{"rendered":"\n<p>Dana\u0161nji protest podr\u0161ke zahtevima studenata u Para\u0107inu, najava protesta u nedelju u 17.00 u Jagodini i Arhiv javnih skupova-procena da je u Jagodini bilo 14.000 gra\u0111ana na skupu koji je najavio osnivanje Pokreta za narod i dr\u017eavu. <\/p>\n\n\n\n<figure class=\"wp-block-gallery has-nested-images columns-default is-cropped wp-block-gallery-1 is-layout-flex wp-block-gallery-is-layout-flex\">\n<figure class=\"wp-block-image size-large\"><img loading=\"lazy\" decoding=\"async\" width=\"1024\" height=\"950\" data-id=\"41306\" src=\"https:\/\/centralmedia.rs\/wp-content\/uploads\/2025\/01\/protest1-2-1024x950.jpg\" alt=\"\" class=\"wp-image-41306\" srcset=\"https:\/\/centralmedia.rs\/wp-content\/uploads\/2025\/01\/protest1-2-1024x950.jpg 1024w, https:\/\/centralmedia.rs\/wp-content\/uploads\/2025\/01\/protest1-2-300x278.jpg 300w, https:\/\/centralmedia.rs\/wp-content\/uploads\/2025\/01\/protest1-2-768x713.jpg 768w, https:\/\/centralmedia.rs\/wp-content\/uploads\/2025\/01\/protest1-2.jpg 1440w\" sizes=\"(max-width: 1024px) 100vw, 1024px\" \/><\/figure>\n\n\n\n<figure class=\"wp-block-image size-large\"><img loading=\"lazy\" decoding=\"async\" width=\"1024\" height=\"857\" data-id=\"41307\" src=\"https:\/\/centralmedia.rs\/wp-content\/uploads\/2025\/01\/protest2-1-1024x857.jpg\" alt=\"\" class=\"wp-image-41307\" srcset=\"https:\/\/centralmedia.rs\/wp-content\/uploads\/2025\/01\/protest2-1-1024x857.jpg 1024w, https:\/\/centralmedia.rs\/wp-content\/uploads\/2025\/01\/protest2-1-300x251.jpg 300w, https:\/\/centralmedia.rs\/wp-content\/uploads\/2025\/01\/protest2-1-768x643.jpg 768w, https:\/\/centralmedia.rs\/wp-content\/uploads\/2025\/01\/protest2-1.jpg 1440w\" sizes=\"(max-width: 1024px) 100vw, 1024px\" \/><\/figure>\n\n\n\n<figure class=\"wp-block-image size-large\"><img loading=\"lazy\" decoding=\"async\" width=\"1024\" height=\"826\" data-id=\"41308\" src=\"https:\/\/centralmedia.rs\/wp-content\/uploads\/2025\/01\/protest3-1024x826.jpg\" alt=\"\" class=\"wp-image-41308\" srcset=\"https:\/\/centralmedia.rs\/wp-content\/uploads\/2025\/01\/protest3-1024x826.jpg 1024w, https:\/\/centralmedia.rs\/wp-content\/uploads\/2025\/01\/protest3-300x242.jpg 300w, https:\/\/centralmedia.rs\/wp-content\/uploads\/2025\/01\/protest3-768x619.jpg 768w, https:\/\/centralmedia.rs\/wp-content\/uploads\/2025\/01\/protest3.jpg 1440w\" sizes=\"(max-width: 1024px) 100vw, 1024px\" \/><\/figure>\n<\/figure>\n\n\n\n<figure class=\"wp-block-gallery has-nested-images columns-default is-cropped wp-block-gallery-2 is-layout-flex wp-block-gallery-is-layout-flex\">\n<figure class=\"wp-block-image size-large\"><img loading=\"lazy\" decoding=\"async\" width=\"820\" height=\"1024\" data-id=\"41310\" src=\"https:\/\/centralmedia.rs\/wp-content\/uploads\/2025\/01\/protest-3-820x1024.jpg\" alt=\"\" class=\"wp-image-41310\" srcset=\"https:\/\/centralmedia.rs\/wp-content\/uploads\/2025\/01\/protest-3-820x1024.jpg 820w, https:\/\/centralmedia.rs\/wp-content\/uploads\/2025\/01\/protest-3-240x300.jpg 240w, https:\/\/centralmedia.rs\/wp-content\/uploads\/2025\/01\/protest-3-768x959.jpg 768w, https:\/\/centralmedia.rs\/wp-content\/uploads\/2025\/01\/protest-3-1230x1536.jpg 1230w, https:\/\/centralmedia.rs\/wp-content\/uploads\/2025\/01\/protest-3.jpg 1440w\" sizes=\"(max-width: 820px) 100vw, 820px\" \/><\/figure>\n\n\n\n<figure class=\"wp-block-image size-large\"><img loading=\"lazy\" decoding=\"async\" width=\"820\" height=\"1024\" data-id=\"41311\" src=\"https:\/\/centralmedia.rs\/wp-content\/uploads\/2025\/01\/protest1-3-820x1024.jpg\" alt=\"\" class=\"wp-image-41311\" srcset=\"https:\/\/centralmedia.rs\/wp-content\/uploads\/2025\/01\/protest1-3-820x1024.jpg 820w, https:\/\/centralmedia.rs\/wp-content\/uploads\/2025\/01\/protest1-3-240x300.jpg 240w, https:\/\/centralmedia.rs\/wp-content\/uploads\/2025\/01\/protest1-3-768x959.jpg 768w, https:\/\/centralmedia.rs\/wp-content\/uploads\/2025\/01\/protest1-3-1229x1536.jpg 1229w, https:\/\/centralmedia.rs\/wp-content\/uploads\/2025\/01\/protest1-3.jpg 1440w\" sizes=\"(max-width: 820px) 100vw, 820px\" \/><\/figure>\n\n\n\n<figure class=\"wp-block-image size-large\"><img loading=\"lazy\" decoding=\"async\" width=\"820\" height=\"1024\" data-id=\"41309\" src=\"https:\/\/centralmedia.rs\/wp-content\/uploads\/2025\/01\/protest2-2-820x1024.jpg\" alt=\"\" class=\"wp-image-41309\" srcset=\"https:\/\/centralmedia.rs\/wp-content\/uploads\/2025\/01\/protest2-2-820x1024.jpg 820w, https:\/\/centralmedia.rs\/wp-content\/uploads\/2025\/01\/protest2-2-240x300.jpg 240w, https:\/\/centralmedia.rs\/wp-content\/uploads\/2025\/01\/protest2-2-768x959.jpg 768w, https:\/\/centralmedia.rs\/wp-content\/uploads\/2025\/01\/protest2-2-1229x1536.jpg 1229w, https:\/\/centralmedia.rs\/wp-content\/uploads\/2025\/01\/protest2-2.jpg 1440w\" sizes=\"(max-width: 820px) 100vw, 820px\" \/><\/figure>\n<\/figure>\n\n\n\n<p>Najmasovniji protesni skup odr\u017ean ve\u010deras u \u0106upriji, blizu hiljadu mladih i ostalih gra\u0111ana. Okupljeni su posle odavanja po\u0161te stradalima u tragediji u Novom Sadu, pro\u0161etali glavnom ulicom i uzvikivali ,,Ho\u0107emo pravdu&#8221;.<\/p>\n","protected":false},"excerpt":{"rendered":"<p>Dana\u0161nji protest podr\u0161ke zahtevima studenata u Para\u0107inu, najava protesta u nedelju u 17.00 u Jagodini i Arhiv javnih skupova-procena da je u Jagodini bilo 14.000 &hellip; <\/p>\n","protected":false},"author":2,"featured_media":41305,"comment_status":"closed","ping_status":"open","sticky":false,"template":"","format":"standard","meta":{"footnotes":""},"categories":[1515,1524,1516,13,12],"tags":[44,156,1922],"_links":{"self":[{"href":"https:\/\/centralmedia.rs\/index.php\/wp-json\/wp\/v2\/posts\/41304"}],"collection":[{"href":"https:\/\/centralmedia.rs\/index.php\/wp-json\/wp\/v2\/posts"}],"about":[{"href":"https:\/\/centralmedia.rs\/index.php\/wp-json\/wp\/v2\/types\/post"}],"author":[{"embeddable":true,"href":"https:\/\/centralmedia.rs\/index.php\/wp-json\/wp\/v2\/users\/2"}],"replies":[{"embeddable":true,"href":"https:\/\/centralmedia.rs\/index.php\/wp-json\/wp\/v2\/comments?post=41304"}],"version-history":[{"count":1,"href":"https:\/\/centralmedia.rs\/index.php\/wp-json\/wp\/v2\/posts\/41304\/revisions"}],"predecessor-version":[{"id":41312,"href":"https:\/\/centralmedia.rs\/index.php\/wp-json\/wp\/v2\/posts\/41304\/revisions\/41312"}],"wp:featuredmedia":[{"embeddable":true,"href":"https:\/\/centralmedia.rs\/index.php\/wp-json\/wp\/v2\/media\/41305"}],"wp:attachment":[{"href":"https:\/\/centralmedia.rs\/index.php\/wp-json\/wp\/v2\/media?parent=41304"}],"wp:term":[{"taxonomy":"category","embeddable":true,"href":"https:\/\/centralmedia.rs\/index.php\/wp-json\/wp\/v2\/categories?post=41304"},{"taxonomy":"post_tag","embeddable":true,"href":"https:\/\/centralmedia.rs\/index.php\/wp-json\/wp\/v2\/tags?post=41304"}],"curies":[{"name":"wp","href":"https:\/\/api.w.org\/{rel}","templated":true}]}}